{"id":2702,"date":"2024-02-15T10:54:29","date_gmt":"2024-02-15T09:54:29","guid":{"rendered":"https:\/\/agora.xtec.cat\/cfasalvadordali\/?p=2702"},"modified":"2025-02-18T12:28:12","modified_gmt":"2025-02-18T11:28:12","slug":"que-es-la-pobresa","status":"publish","type":"post","link":"https:\/\/agora.xtec.cat\/cfasalvadordali\/portada\/que-es-la-pobresa\/","title":{"rendered":"QU\u00c8 \u00c9S LA POBRESA?"},"content":{"rendered":"<p>Quan parlem de pobresa, no nom\u00e9s parlem de la falta d&#8217;ingressos, tamb\u00e9 fem refer\u00e8ncia a la dificultat de les persones per satisfer les seves necessitats b\u00e0siques. Actualment, es calcula que al m\u00f3n uns 735 milions de persones es troben per sota del llindar de la pobresa i la meitat s\u00f3n persones menors de divuit anys. A Catalunya, una de cada cinc persones es troba en risc de pobresa. Amb aquestes dades, a la classe de socials hem reflexionat sobre la pobresa i ho hem vinculat amb els objectius de desenvolupament sostenible (ODS). Hem pres consci\u00e8ncia que cal erradicar la pobresa a tot el m\u00f3n i en totes les seves formes per crear una societat m\u00e9s justa on tothom tingui les mateixes oportunitats. El repte ha sigut fer una creaci\u00f3 art\u00edstica en <a href=\"https:\/\/wordart.com\/2s1nz1a5nhh9\/untitled\">WordArt<\/a> on cada alumne ha pogut expressar conceptes vinculats a les desigualtats socials, econ\u00f2miques,\u00a0 pol\u00edtiques, culturals i educatives que hi ha a tot el m\u00f3n. Com a mostra aqu\u00ed tenim els treballs de l&#8217;Eric i el Jorge, alumnes de GES-1.<\/p>\n<p>&nbsp;<\/p>\n<p>Activitat de GES-1 de l&#8217;\u00e0mbit de les ci\u00e8ncies socials vinculada a l&#8217;Objectiu de Desenvolupament Sostenible 1, Erradicar la pobresa a tot el m\u00f3n i en totes les seves formes.<\/p>\n<p><a href=\"https:\/\/agora.xtec.cat\/cfasalvadordali\/wp-content\/uploads\/usu363\/2024\/02\/image.png\"><img loading=\"lazy\" decoding=\"async\" class=\"wp-image-2703 alignnone\" src=\"https:\/\/agora.xtec.cat\/cfasalvadordali\/wp-content\/uploads\/usu363\/2024\/02\/image.png\" alt=\"\" width=\"433\" height=\"399\" srcset=\"https:\/\/agora.xtec.cat\/cfasalvadordali\/wp-content\/uploads\/usu363\/2024\/02\/image.png 550w, https:\/\/agora.xtec.cat\/cfasalvadordali\/wp-content\/uploads\/usu363\/2024\/02\/image-300x277.png 300w\" sizes=\"auto, (max-width: 433px) 100vw, 433px\" \/><\/a><a href=\"https:\/\/agora.xtec.cat\/cfasalvadordali\/wp-content\/uploads\/usu363\/2024\/02\/Captura.png\"><img loading=\"lazy\" decoding=\"async\" class=\"wp-image-2710 alignnone\" src=\"https:\/\/agora.xtec.cat\/cfasalvadordali\/wp-content\/uploads\/usu363\/2024\/02\/Captura-1024x780.png\" alt=\"\" width=\"529\" height=\"403\" srcset=\"https:\/\/agora.xtec.cat\/cfasalvadordali\/wp-content\/uploads\/usu363\/2024\/02\/Captura-1024x780.png 1024w, https:\/\/agora.xtec.cat\/cfasalvadordali\/wp-content\/uploads\/usu363\/2024\/02\/Captura-300x228.png 300w, https:\/\/agora.xtec.cat\/cfasalvadordali\/wp-content\/uploads\/usu363\/2024\/02\/Captura-768x585.png 768w, https:\/\/agora.xtec.cat\/cfasalvadordali\/wp-content\/uploads\/usu363\/2024\/02\/Captura.png 1061w\" sizes=\"auto, (max-width: 529px) 100vw, 529px\" \/><\/a><\/p>\n<p>&nbsp;<\/p>\n","protected":false},"excerpt":{"rendered":"<p>Quan parlem de pobresa, no nom\u00e9s parlem de la falta d&#8217;ingressos, tamb\u00e9 fem refer\u00e8ncia a la dificultat de les persones per satisfer les seves necessitats b\u00e0siques. Actualment, es calcula que al m\u00f3n uns 735 milions de persones es troben per sota del llindar de la&hellip;  <a href=\"https:\/\/agora.xtec.cat\/cfasalvadordali\/portada\/que-es-la-pobresa\/\" title=\"Read QU\u00c8 \u00c9S LA POBRESA?\">Llegeix m\u00e9s\u00bb<\/a><\/p>\n","protected":false},"author":1,"featured_media":2710,"comment_status":"open","ping_status":"closed","sticky":false,"template":"","format":"standard","meta":{"_bbp_topic_count":0,"_bbp_reply_count":0,"_bbp_total_topic_count":0,"_bbp_total_reply_count":0,"_bbp_voice_count":0,"_bbp_anonymous_reply_count":0,"_bbp_topic_count_hidden":0,"_bbp_reply_count_hidden":0,"_bbp_forum_subforum_count":0,"footnotes":""},"categories":[84,85,29],"tags":[],"class_list":["post-2702","post","type-post","status-publish","format-standard","has-post-thumbnail","hentry","category-ges1","category-geso","category-portada"],"post_mailing_queue_ids":[],"_links":{"self":[{"href":"https:\/\/agora.xtec.cat\/cfasalvadordali\/wp-json\/wp\/v2\/posts\/2702","targetHints":{"allow":["GET"]}}],"collection":[{"href":"https:\/\/agora.xtec.cat\/cfasalvadordali\/wp-json\/wp\/v2\/posts"}],"about":[{"href":"https:\/\/agora.xtec.cat\/cfasalvadordali\/wp-json\/wp\/v2\/types\/post"}],"author":[{"embeddable":true,"href":"https:\/\/agora.xtec.cat\/cfasalvadordali\/wp-json\/wp\/v2\/users\/1"}],"replies":[{"embeddable":true,"href":"https:\/\/agora.xtec.cat\/cfasalvadordali\/wp-json\/wp\/v2\/comments?post=2702"}],"version-history":[{"count":8,"href":"https:\/\/agora.xtec.cat\/cfasalvadordali\/wp-json\/wp\/v2\/posts\/2702\/revisions"}],"predecessor-version":[{"id":3564,"href":"https:\/\/agora.xtec.cat\/cfasalvadordali\/wp-json\/wp\/v2\/posts\/2702\/revisions\/3564"}],"wp:featuredmedia":[{"embeddable":true,"href":"https:\/\/agora.xtec.cat\/cfasalvadordali\/wp-json\/wp\/v2\/media\/2710"}],"wp:attachment":[{"href":"https:\/\/agora.xtec.cat\/cfasalvadordali\/wp-json\/wp\/v2\/media?parent=2702"}],"wp:term":[{"taxonomy":"category","embeddable":true,"href":"https:\/\/agora.xtec.cat\/cfasalvadordali\/wp-json\/wp\/v2\/categories?post=2702"},{"taxonomy":"post_tag","embeddable":true,"href":"https:\/\/agora.xtec.cat\/cfasalvadordali\/wp-json\/wp\/v2\/tags?post=2702"}],"curies":[{"name":"wp","href":"https:\/\/api.w.org\/{rel}","templated":true}]}}