{"id":2681,"date":"2024-02-07T15:28:55","date_gmt":"2024-02-07T14:28:55","guid":{"rendered":"https:\/\/agora.xtec.cat\/cfasalvadordali\/?p=2681"},"modified":"2025-02-18T12:27:38","modified_gmt":"2025-02-18T11:27:38","slug":"el-gust-per-la-lectura-i-les-ciencies-socials","status":"publish","type":"post","link":"https:\/\/agora.xtec.cat\/cfasalvadordali\/general\/el-gust-per-la-lectura-i-les-ciencies-socials\/","title":{"rendered":"EL GUST PER LA LECTURA I LES CI\u00c8NCIES SOCIALS"},"content":{"rendered":"<p>La novel\u00b7la hist\u00f2rica de Matilde Asensi\u00a0Sakura\u00a0ens endinsa en la vida d&#8217;un dels millors pintors postimpressionistes de tots els temps, Vincent van Gogh. Basada en fets reals, els protagonistes de l&#8217;acci\u00f3 intenten resoldre l&#8217;enigma de la desaparici\u00f3 del quadre del Doctor Paul\u00a0Gachet, comprat pel multimilionari japon\u00e8s\u00a0Ryoei\u00a0Saito\u00a0per 82,5 milions de d\u00f2lars l&#8217;any 1990. La lectura ens ha\u00a0servit per aprofundir en la vida i obra de\u00a0Van Gogh\u00a0i quedar impressionats per l&#8217;\u00fas dels colors en les seves obres m\u00e9s conegudes. Hem fet un\u00a0<a href=\"https:\/\/padlet.com\/gessalvadordali\/vincent-van-gogh-j61uoggo2kgqr9du\" target=\"_blank\" rel=\"noopener\" data-saferedirecturl=\"https:\/\/www.google.com\/url?q=https:\/\/padlet.com\/gessalvadordali\/vincent-van-gogh-j61uoggo2kgqr9du&amp;source=gmail&amp;ust=1707306202688000&amp;usg=AOvVaw0WoArrhlUEBhUyTcc76jWB\">padlet<\/a>\u00a0dels quadres que m\u00e9s ens han inspirat. A m\u00e9s a m\u00e9s, hem conegut la hist\u00f2ria del seu temps. Un m\u00f3n on les pot\u00e8ncies lluitaven per convertir-se en imperis i acumular riqueses a costa de conquerir nous\u00a0territoris\u00a0menys desenvolupats tecnol\u00f2gicament. Una ambici\u00f3 desmesurada amb conseq\u00fc\u00e8ncies devastadores per a la humanitat que van provocar la Primera Gran Guerra Mundial.<\/p>\n<div><span style=\"color: #000000; font-family: Open Sans, Helvetica, Arial, sans-serif;\">\u00a0<\/span><\/div>\n<div><span style=\"color: #000000; font-family: Open Sans, Helvetica, Arial, sans-serif;\">Llibre molt recomanable, disponible a la biblioteca del centre.<\/span><\/div>\n<div><\/div>\n<div><\/div>\n<div>Treball realitzat per l&#8217;alumne C. R de GES-2<\/div>\n","protected":false},"excerpt":{"rendered":"<p>La novel\u00b7la hist\u00f2rica de Matilde Asensi\u00a0Sakura\u00a0ens endinsa en la vida d&#8217;un dels millors pintors postimpressionistes de tots els temps, Vincent van Gogh. Basada en fets reals, els protagonistes de l&#8217;acci\u00f3 intenten resoldre l&#8217;enigma de la desaparici\u00f3 del quadre del Doctor Paul\u00a0Gachet, comprat pel multimilionari japon\u00e8s\u00a0Ryoei\u00a0Saito\u00a0per&hellip;  <a href=\"https:\/\/agora.xtec.cat\/cfasalvadordali\/general\/el-gust-per-la-lectura-i-les-ciencies-socials\/\" title=\"Read EL GUST PER LA LECTURA I LES CI\u00c8NCIES SOCIALS\">Llegeix m\u00e9s\u00bb<\/a><\/p>\n","protected":false},"author":1,"featured_media":2675,"comment_status":"open","ping_status":"closed","sticky":false,"template":"","format":"standard","meta":{"_bbp_topic_count":0,"_bbp_reply_count":0,"_bbp_total_topic_count":0,"_bbp_total_reply_count":0,"_bbp_voice_count":0,"_bbp_anonymous_reply_count":0,"_bbp_topic_count_hidden":0,"_bbp_reply_count_hidden":0,"_bbp_forum_subforum_count":0,"footnotes":""},"categories":[1,29],"tags":[],"class_list":["post-2681","post","type-post","status-publish","format-standard","has-post-thumbnail","hentry","category-general","category-portada"],"post_mailing_queue_ids":[],"_links":{"self":[{"href":"https:\/\/agora.xtec.cat\/cfasalvadordali\/wp-json\/wp\/v2\/posts\/2681","targetHints":{"allow":["GET"]}}],"collection":[{"href":"https:\/\/agora.xtec.cat\/cfasalvadordali\/wp-json\/wp\/v2\/posts"}],"about":[{"href":"https:\/\/agora.xtec.cat\/cfasalvadordali\/wp-json\/wp\/v2\/types\/post"}],"author":[{"embeddable":true,"href":"https:\/\/agora.xtec.cat\/cfasalvadordali\/wp-json\/wp\/v2\/users\/1"}],"replies":[{"embeddable":true,"href":"https:\/\/agora.xtec.cat\/cfasalvadordali\/wp-json\/wp\/v2\/comments?post=2681"}],"version-history":[{"count":6,"href":"https:\/\/agora.xtec.cat\/cfasalvadordali\/wp-json\/wp\/v2\/posts\/2681\/revisions"}],"predecessor-version":[{"id":3561,"href":"https:\/\/agora.xtec.cat\/cfasalvadordali\/wp-json\/wp\/v2\/posts\/2681\/revisions\/3561"}],"wp:featuredmedia":[{"embeddable":true,"href":"https:\/\/agora.xtec.cat\/cfasalvadordali\/wp-json\/wp\/v2\/media\/2675"}],"wp:attachment":[{"href":"https:\/\/agora.xtec.cat\/cfasalvadordali\/wp-json\/wp\/v2\/media?parent=2681"}],"wp:term":[{"taxonomy":"category","embeddable":true,"href":"https:\/\/agora.xtec.cat\/cfasalvadordali\/wp-json\/wp\/v2\/categories?post=2681"},{"taxonomy":"post_tag","embeddable":true,"href":"https:\/\/agora.xtec.cat\/cfasalvadordali\/wp-json\/wp\/v2\/tags?post=2681"}],"curies":[{"name":"wp","href":"https:\/\/api.w.org\/{rel}","templated":true}]}}