{"id":2641,"date":"2024-01-29T16:59:21","date_gmt":"2024-01-29T15:59:21","guid":{"rendered":"https:\/\/agora.xtec.cat\/cfasalvadordali\/?p=2641"},"modified":"2025-02-18T12:27:24","modified_gmt":"2025-02-18T11:27:24","slug":"musicoterapia-a-carrec-destudiants-de-lesmuc","status":"publish","type":"post","link":"https:\/\/agora.xtec.cat\/cfasalvadordali\/general\/musicoterapia-a-carrec-destudiants-de-lesmuc\/","title":{"rendered":"MUSICOTER\u00c0PIA A C\u00c0RREC D&#8217;ESTUDIANTS DE L&#8217;ESMUC"},"content":{"rendered":"<p style=\"text-align: justify;\">Els alumnes de l&#8217;escola van poder gaudir d&#8217;un taller de musicoter\u00e0pia a c\u00e0rrec dels alumnes de l&#8217;Escola superior de M\u00fasica de Catalunya, L&#8217;ESMUC, que organitzava el centre penitenciari. Professionals, estudiants de m\u00e0ster de l&#8217;ESMUC, docents, alumnes de l&#8217;escola i docents vam gaudir d&#8217;un taller de musicoter\u00e0pia al teatre del centre.<\/p>\n<p>&nbsp;<\/p>\n","protected":false},"excerpt":{"rendered":"<p>Els alumnes de l&#8217;escola van poder gaudir d&#8217;un taller de musicoter\u00e0pia a c\u00e0rrec dels alumnes de l&#8217;Escola superior de M\u00fasica de Catalunya, L&#8217;ESMUC, que organitzava el centre penitenciari. Professionals, estudiants de m\u00e0ster de l&#8217;ESMUC, docents, alumnes de l&#8217;escola i docents vam gaudir d&#8217;un taller de&hellip;  <a href=\"https:\/\/agora.xtec.cat\/cfasalvadordali\/general\/musicoterapia-a-carrec-destudiants-de-lesmuc\/\" title=\"Read MUSICOTER\u00c0PIA A C\u00c0RREC D&#8217;ESTUDIANTS DE L&#8217;ESMUC\">Llegeix m\u00e9s\u00bb<\/a><\/p>\n","protected":false},"author":54,"featured_media":2639,"comment_status":"open","ping_status":"closed","sticky":false,"template":"","format":"standard","meta":{"_bbp_topic_count":0,"_bbp_reply_count":0,"_bbp_total_topic_count":0,"_bbp_total_reply_count":0,"_bbp_voice_count":0,"_bbp_anonymous_reply_count":0,"_bbp_topic_count_hidden":0,"_bbp_reply_count_hidden":0,"_bbp_forum_subforum_count":0,"footnotes":""},"categories":[96,1,29],"tags":[],"class_list":["post-2641","post","type-post","status-publish","format-standard","has-post-thumbnail","hentry","category-activitats-culturals","category-general","category-portada"],"post_mailing_queue_ids":[],"_links":{"self":[{"href":"https:\/\/agora.xtec.cat\/cfasalvadordali\/wp-json\/wp\/v2\/posts\/2641","targetHints":{"allow":["GET"]}}],"collection":[{"href":"https:\/\/agora.xtec.cat\/cfasalvadordali\/wp-json\/wp\/v2\/posts"}],"about":[{"href":"https:\/\/agora.xtec.cat\/cfasalvadordali\/wp-json\/wp\/v2\/types\/post"}],"author":[{"embeddable":true,"href":"https:\/\/agora.xtec.cat\/cfasalvadordali\/wp-json\/wp\/v2\/users\/54"}],"replies":[{"embeddable":true,"href":"https:\/\/agora.xtec.cat\/cfasalvadordali\/wp-json\/wp\/v2\/comments?post=2641"}],"version-history":[{"count":4,"href":"https:\/\/agora.xtec.cat\/cfasalvadordali\/wp-json\/wp\/v2\/posts\/2641\/revisions"}],"predecessor-version":[{"id":3560,"href":"https:\/\/agora.xtec.cat\/cfasalvadordali\/wp-json\/wp\/v2\/posts\/2641\/revisions\/3560"}],"wp:featuredmedia":[{"embeddable":true,"href":"https:\/\/agora.xtec.cat\/cfasalvadordali\/wp-json\/wp\/v2\/media\/2639"}],"wp:attachment":[{"href":"https:\/\/agora.xtec.cat\/cfasalvadordali\/wp-json\/wp\/v2\/media?parent=2641"}],"wp:term":[{"taxonomy":"category","embeddable":true,"href":"https:\/\/agora.xtec.cat\/cfasalvadordali\/wp-json\/wp\/v2\/categories?post=2641"},{"taxonomy":"post_tag","embeddable":true,"href":"https:\/\/agora.xtec.cat\/cfasalvadordali\/wp-json\/wp\/v2\/tags?post=2641"}],"curies":[{"name":"wp","href":"https:\/\/api.w.org\/{rel}","templated":true}]}}