{"id":2451,"date":"2023-12-17T10:11:22","date_gmt":"2023-12-17T09:11:22","guid":{"rendered":"https:\/\/agora.xtec.cat\/cfasalvadordali\/?p=2451"},"modified":"2025-02-18T12:26:35","modified_gmt":"2025-02-18T11:26:35","slug":"arpilleres-projecte-de-catala-a-moduls","status":"publish","type":"post","link":"https:\/\/agora.xtec.cat\/cfasalvadordali\/general\/arpilleres-projecte-de-catala-a-moduls\/","title":{"rendered":"ARPILLERES, PROJECTE DE CATAL\u00c0 A M\u00d2DULS"},"content":{"rendered":"<p>Les arpilleres s\u00f3n una forma d&#8217;expressi\u00f3 art\u00edstica elaborada amb retalls de tela. Van guanyar popularitat a trav\u00e9s de grups de dones a Xile durant la dictadura dels anys setanta, com a \u00fanica eina de den\u00fancia en una \u00e8poca en qu\u00e8 les dones no tenien cap altra manera de manifestar-se en q\u00fcestions pol\u00edtiques.<\/p>\n<p>L&#8217;artista xilena Violeta Parra va fer servir el jute com a suport per a les seves obres, que ella mateixa va anomenar arpilleres, representant escenes a trav\u00e9s de l&#8217;art r\u00fastic de la costura.<\/p>\n<figure class=\"figure wp-caption alignleft\"><a href=\"https:\/\/agora.xtec.cat\/cfasalvadordali\/wp-content\/uploads\/usu363\/2023\/12\/ARPILLERA-2.png\"><img decoding=\"async\" loading=\"lazy\" class=\"wp-image-2452 size-medium\" src=\"https:\/\/agora.xtec.cat\/cfasalvadordali\/wp-content\/uploads\/usu363\/2023\/12\/ARPILLERA-2-300x262.png\" alt=\"\" width=\"300\" height=\"262\" srcset=\"https:\/\/agora.xtec.cat\/cfasalvadordali\/wp-content\/uploads\/usu363\/2023\/12\/ARPILLERA-2-300x262.png 300w, https:\/\/agora.xtec.cat\/cfasalvadordali\/wp-content\/uploads\/usu363\/2023\/12\/ARPILLERA-2.png 639w\" sizes=\"auto, (max-width: 300px) 100vw, 300px\" \/><\/a><figcaption class=\"wp-caption-text\">Al servicio de la vida, homenaje a la Vicar\u00eda de la Solidaridad (1978)<\/figcaption><\/figure>\n<figure class=\"figure wp-caption alignleft\"><a href=\"https:\/\/agora.xtec.cat\/cfasalvadordali\/wp-content\/uploads\/usu363\/2023\/12\/ARPILLERA-1.png\"><img decoding=\"async\" loading=\"lazy\" class=\"wp-image-2453 size-medium\" src=\"https:\/\/agora.xtec.cat\/cfasalvadordali\/wp-content\/uploads\/usu363\/2023\/12\/ARPILLERA-1-300x263.png\" alt=\"\" width=\"300\" height=\"263\" srcset=\"https:\/\/agora.xtec.cat\/cfasalvadordali\/wp-content\/uploads\/usu363\/2023\/12\/ARPILLERA-1-300x263.png 300w, https:\/\/agora.xtec.cat\/cfasalvadordali\/wp-content\/uploads\/usu363\/2023\/12\/ARPILLERA-1.png 642w\" sizes=\"auto, (max-width: 300px) 100vw, 300px\" \/><\/a><figcaption class=\"wp-caption-text\">\u00bfD\u00f3nde est\u00e1n? (1985)<\/figcaption><\/figure>\n<p>&nbsp;<\/p>\n<p>&nbsp;<\/p>\n<p>&nbsp;<\/p>\n<p>&nbsp;<\/p>\n<p>&nbsp;<\/p>\n<p>&nbsp;<\/p>\n<p>&nbsp;<\/p>\n<p>&nbsp;<\/p>\n<p>Aquest tipus de treball, realitzat principalment per dones, les quals han utilitzat diverses t\u00e8cniques com teixir, cosir, bordar, puntejar&#8230;, ha servit per explorar temes que les han afectat directament, com ara conflictes armats, situacions de repressi\u00f3 i vulneraci\u00f3 de drets humans, o situacions de viol\u00e8ncia. A m\u00e9s, tamb\u00e9 han plasmat diferents moments quotidians com ara somnis, esperances i desitjos.Tras el golpe de estado de los militares chilenos, a mediados de los a\u00f1os setenta, las arpilleras se convirtieron en una forma de creaci\u00f3n entre mujeres de distintos lugares de Chile.<\/p>\n<p>Als projectes de catal\u00e0 a m\u00f2duls s&#8217;han treballat les Arpilleres. <span style=\"font-weight: 400;\">Aquest \u00e9s un projecte que ens ha perm\u00e9s endinsar-nos en el coneixement personal a partir de la reflexi\u00f3 i ha possibilitat la construcci\u00f3 del propi relat de vida dels alumnes. aqu\u00ed us deixem una mostra del treball dels alumnes, les fotos s\u00f3n del taller de fotografia de Quatre camins:<\/span><\/p>\n<div class=\"slideshow_container slideshow_container_style-light\" style=\"height: 300px; \" data-slideshow-id=\"2461\" data-style-name=\"style-light\" data-style-version=\"2.3.1\" >\n<div class=\"slideshow_loading_icon\"><\/div>\n<div class=\"slideshow_content\" style=\"display: none;\">\n<div class=\"slideshow_view\">\n<div class=\"slideshow_slide slideshow_slide_image\">\n\t\t\t\t\t\t\t\t\t\t\t<img decoding=\"async\" loading=\"lazy\" src=\"https:\/\/agora.xtec.cat\/cfasalvadordali\/wp-content\/uploads\/usu363\/2023\/12\/MG_7076.jpg\" alt=\"_MG_7076\" width=\"1920\" height=\"1399\" \/><\/p>\n<div class=\"slideshow_description_box slideshow_transparent\">\n<div class=\"slideshow_title\">_MG_7076<\/div>\n<\/p>\n<\/div>\n<\/div>\n<div style=\"clear: both;\"><\/div>\n<\/div>\n<div class=\"slideshow_view\">\n<div class=\"slideshow_slide slideshow_slide_image\">\n\t\t\t\t\t\t\t\t\t\t\t<img decoding=\"async\" loading=\"lazy\" src=\"https:\/\/agora.xtec.cat\/cfasalvadordali\/wp-content\/uploads\/usu363\/2023\/12\/MG_7075.jpg\" alt=\"_MG_7075\" width=\"1920\" height=\"1442\" \/><\/p>\n<div class=\"slideshow_description_box slideshow_transparent\">\n<div class=\"slideshow_title\">_MG_7075<\/div>\n<\/p>\n<\/div>\n<\/div>\n<div style=\"clear: both;\"><\/div>\n<\/div>\n<div class=\"slideshow_view\">\n<div class=\"slideshow_slide slideshow_slide_image\">\n\t\t\t\t\t\t\t\t\t\t\t<img decoding=\"async\" loading=\"lazy\" src=\"https:\/\/agora.xtec.cat\/cfasalvadordali\/wp-content\/uploads\/usu363\/2023\/12\/MG_7073.jpg\" alt=\"_MG_7073\" width=\"1920\" height=\"1442\" \/><\/p>\n<div class=\"slideshow_description_box slideshow_transparent\">\n<div class=\"slideshow_title\">_MG_7073<\/div>\n<\/p>\n<\/div>\n<\/div>\n<div style=\"clear: both;\"><\/div>\n<\/div>\n<\/div>\n<div class=\"slideshow_controlPanel slideshow_transparent\" style=\"display: none;\">\n<ul>\n<li class=\"slideshow_togglePlay\" data-play-text=\"Visualitza\" data-pause-text=\"Pausa\"><\/li>\n<\/ul>\n<\/div>\n<div class=\"slideshow_button slideshow_previous slideshow_transparent\" role=\"button\" data-previous-text=\"Anterior\" style=\"display: none;\"><\/div>\n<div class=\"slideshow_button slideshow_next slideshow_transparent\" role=\"button\" data-next-text=\"Seg\u00fcent\" style=\"display: none;\"><\/div>\n<div class=\"slideshow_pagination\" style=\"display: none;\" data-go-to-text=\"V\u00e9s a la diapositiva\">\n<div class=\"slideshow_pagination_center\"><\/div>\n<\/div>\n<p>\t\t<!-- WordPress Slideshow Version 2.3.1 --><\/p>\n<\/div>\n<p>per a m\u00e9s informaci\u00f3<a href=\"https:\/\/fundacioateneusantroc.org\/es\/ateneu-arpilleres\/que-es-una-arpillera\/\">https:\/\/fundacioateneusantroc.org\/es\/ateneu-arpilleres\/que-es-una-arpillera\/<\/a><\/p>\n","protected":false},"excerpt":{"rendered":"<p>Les arpilleres s\u00f3n una forma d&#8217;expressi\u00f3 art\u00edstica elaborada amb retalls de tela. Van guanyar popularitat a trav\u00e9s de grups de dones a Xile durant la dictadura dels anys setanta, com a \u00fanica eina de den\u00fancia en una \u00e8poca en qu\u00e8 les dones no tenien cap&hellip;  <a href=\"https:\/\/agora.xtec.cat\/cfasalvadordali\/general\/arpilleres-projecte-de-catala-a-moduls\/\" title=\"Read ARPILLERES, PROJECTE DE CATAL\u00c0 A M\u00d2DULS\">Llegeix m\u00e9s\u00bb<\/a><\/p>\n","protected":false},"author":54,"featured_media":2457,"comment_status":"open","ping_status":"closed","sticky":false,"template":"","format":"standard","meta":{"_bbp_topic_count":0,"_bbp_reply_count":0,"_bbp_total_topic_count":0,"_bbp_total_reply_count":0,"_bbp_voice_count":0,"_bbp_anonymous_reply_count":0,"_bbp_topic_count_hidden":0,"_bbp_reply_count_hidden":0,"_bbp_forum_subforum_count":0,"footnotes":""},"categories":[1,29],"tags":[],"class_list":["post-2451","post","type-post","status-publish","format-standard","has-post-thumbnail","hentry","category-general","category-portada"],"post_mailing_queue_ids":[],"_links":{"self":[{"href":"https:\/\/agora.xtec.cat\/cfasalvadordali\/wp-json\/wp\/v2\/posts\/2451","targetHints":{"allow":["GET"]}}],"collection":[{"href":"https:\/\/agora.xtec.cat\/cfasalvadordali\/wp-json\/wp\/v2\/posts"}],"about":[{"href":"https:\/\/agora.xtec.cat\/cfasalvadordali\/wp-json\/wp\/v2\/types\/post"}],"author":[{"embeddable":true,"href":"https:\/\/agora.xtec.cat\/cfasalvadordali\/wp-json\/wp\/v2\/users\/54"}],"replies":[{"embeddable":true,"href":"https:\/\/agora.xtec.cat\/cfasalvadordali\/wp-json\/wp\/v2\/comments?post=2451"}],"version-history":[{"count":6,"href":"https:\/\/agora.xtec.cat\/cfasalvadordali\/wp-json\/wp\/v2\/posts\/2451\/revisions"}],"predecessor-version":[{"id":3556,"href":"https:\/\/agora.xtec.cat\/cfasalvadordali\/wp-json\/wp\/v2\/posts\/2451\/revisions\/3556"}],"wp:featuredmedia":[{"embeddable":true,"href":"https:\/\/agora.xtec.cat\/cfasalvadordali\/wp-json\/wp\/v2\/media\/2457"}],"wp:attachment":[{"href":"https:\/\/agora.xtec.cat\/cfasalvadordali\/wp-json\/wp\/v2\/media?parent=2451"}],"wp:term":[{"taxonomy":"category","embeddable":true,"href":"https:\/\/agora.xtec.cat\/cfasalvadordali\/wp-json\/wp\/v2\/categories?post=2451"},{"taxonomy":"post_tag","embeddable":true,"href":"https:\/\/agora.xtec.cat\/cfasalvadordali\/wp-json\/wp\/v2\/tags?post=2451"}],"curies":[{"name":"wp","href":"https:\/\/api.w.org\/{rel}","templated":true}]}}