{"id":2374,"date":"2023-12-08T18:17:21","date_gmt":"2023-12-08T17:17:21","guid":{"rendered":"https:\/\/agora.xtec.cat\/cfasalvadordali\/?p=2374"},"modified":"2025-02-18T12:25:26","modified_gmt":"2025-02-18T11:25:26","slug":"2374","status":"publish","type":"post","link":"https:\/\/agora.xtec.cat\/cfasalvadordali\/general\/2374\/","title":{"rendered":"REFLEXIONS D&#8217;UN PARTICIPANT DE LA LLIGA DE DEBAT"},"content":{"rendered":"<h4>Lliga Debat sobre la IA\u00a0 (INTEL\u00b7LIG\u00c8NCIA ARTIFICIAL)<\/h4>\n<p><a href=\"https:\/\/agora.xtec.cat\/cfasalvadordali\/wp-content\/uploads\/usu363\/2023\/12\/Captura-5.png\"><img decoding=\"async\" loading=\"lazy\" class=\"aligncenter wp-image-2437 size-full\" src=\"https:\/\/agora.xtec.cat\/cfasalvadordali\/wp-content\/uploads\/usu363\/2023\/12\/Captura-5.png\" alt=\"\" width=\"1049\" height=\"723\" srcset=\"https:\/\/agora.xtec.cat\/cfasalvadordali\/wp-content\/uploads\/usu363\/2023\/12\/Captura-5.png 1049w, https:\/\/agora.xtec.cat\/cfasalvadordali\/wp-content\/uploads\/usu363\/2023\/12\/Captura-5-300x207.png 300w, https:\/\/agora.xtec.cat\/cfasalvadordali\/wp-content\/uploads\/usu363\/2023\/12\/Captura-5-1024x706.png 1024w, https:\/\/agora.xtec.cat\/cfasalvadordali\/wp-content\/uploads\/usu363\/2023\/12\/Captura-5-768x529.png 768w\" sizes=\"auto, (max-width: 1049px) 100vw, 1049px\" \/><\/a><\/p>\n<p style=\"text-align: justify;\">\u00a0Al nostre grup \u00e9rem quatre estudiants m\u00e9s la professora i la capitana de la UPF. \u00c9rem sis persones buscant informaci\u00f3 sobre la intel\u00b7lig\u00e8ncia artificial.<br \/>\nL\u2019encarregada del Punt \u00d2mnia em va ensenyar el chat gpt. La veritat \u00e9s que em vaig quedar amb la boca oberta; no sabia que obtindr\u00edem tanta informaci\u00f3 en uns segons. I aix\u00f2 ha vingut per quedar-se, i ens hi hem d\u2019adaptar. B\u00e9, la Lliga de debat ha estat una experi\u00e8ncia inoblidable per a mi i per a molts. Hem debatut sobre si la IA \u00e9s una amena\u00e7a per a la humanitat, posicionant-nos a favor d\u2019aquesta postura i en contra.<br \/>\nHa estat una experi\u00e8ncia molt bona i un pas important en la meva vida. Valoro molt positivament haver parlat en p\u00fablic, i m\u2019agradaria felicitar als meus mestres i a tots els que estaven de p\u00fablic a la biblioteca per parlar sobre si la IA \u00e9s o no una amena\u00e7a per a la humanitat.<br \/>\nHi havia nervis, emoci\u00f3, alegria, felicitat, comprom\u00eds. Era una sensaci\u00f3 diferent a la normal.<br \/>\nLes semifinals i la final al teatre van ser molt m\u00e9s boniques. Estaven plenes de gent important. Va ser preci\u00f3s, tot i no arribar a guanyar. Per\u00f2 no es tracta de guanyar o perdre, sin\u00f3 d\u2019emportar-se una experi\u00e8ncia que mai oblidar\u00e9 a la meva vida. \u00c9s un pas endavant en aquest vida tant meravellosa.<\/p>\n<p style=\"text-align: justify;\">M\u2019agradaria felicitar a tots els mestres i alumnes del CFA Salvador DAL\u00cd i tamb\u00e9 els voluntaris de la Universitat Pompeu Fabra (UPF). Tamb\u00e9 vull felicitar al meu mestre David i al seu equip, que van guanyar la Lliga de debat. Tamb\u00e9 tinc unes paraules per la Carme: estic molt orgull\u00f3s de tu.<br \/>\nEspero tornar a viure aquesta experi\u00e8ncia tant bonica i interessant, que va servir per a conscienciar-nos davant de qualsevol tipus de debat.<\/p>\n<p>Samir, alumne de l&#8217;escola i participant en La lliga de Debat.<\/p>\n<p><a href=\"https:\/\/agora.xtec.cat\/cfasalvadordali\/wp-content\/uploads\/usu363\/2023\/12\/samir.png\"><img decoding=\"async\" loading=\"lazy\" class=\"aligncenter wp-image-2378 size-full\" src=\"https:\/\/agora.xtec.cat\/cfasalvadordali\/wp-content\/uploads\/usu363\/2023\/12\/samir.png\" alt=\"\" width=\"966\" height=\"770\" srcset=\"https:\/\/agora.xtec.cat\/cfasalvadordali\/wp-content\/uploads\/usu363\/2023\/12\/samir.png 966w, https:\/\/agora.xtec.cat\/cfasalvadordali\/wp-content\/uploads\/usu363\/2023\/12\/samir-300x239.png 300w, https:\/\/agora.xtec.cat\/cfasalvadordali\/wp-content\/uploads\/usu363\/2023\/12\/samir-768x612.png 768w\" sizes=\"auto, (max-width: 966px) 100vw, 966px\" \/><\/a><\/p>\n","protected":false},"excerpt":{"rendered":"<p>Lliga Debat sobre la IA\u00a0 (INTEL\u00b7LIG\u00c8NCIA ARTIFICIAL)<br \/>\n<a href=\"https:\/\/agora.xtec.cat\/cfasalvadordali\/wp-content\/uploads\/usu363\/2023\/12\/Captura-5.png\"><\/a><br \/>\n\u00a0Al nostre grup \u00e9rem quatre estudiants m\u00e9s la professora i la capitana de la UPF. \u00c9rem sis persones buscant informaci\u00f3 sobre la intel\u00b7lig\u00e8ncia artificial.<br \/>\nL\u2019encarregada del Punt \u00d2mnia em va ensenyar el chat gpt. La veritat \u00e9s que em&hellip;  <a href=\"https:\/\/agora.xtec.cat\/cfasalvadordali\/general\/2374\/\" title=\"Read REFLEXIONS D&#8217;UN PARTICIPANT DE LA LLIGA DE DEBAT\">Llegeix m\u00e9s\u00bb<\/a><\/p>\n","protected":false},"author":54,"featured_media":2437,"comment_status":"open","ping_status":"closed","sticky":false,"template":"","format":"standard","meta":{"_bbp_topic_count":0,"_bbp_reply_count":0,"_bbp_total_topic_count":0,"_bbp_total_reply_count":0,"_bbp_voice_count":0,"_bbp_anonymous_reply_count":0,"_bbp_topic_count_hidden":0,"_bbp_reply_count_hidden":0,"_bbp_forum_subforum_count":0,"footnotes":""},"categories":[1,29],"tags":[],"class_list":["post-2374","post","type-post","status-publish","format-standard","has-post-thumbnail","hentry","category-general","category-portada"],"post_mailing_queue_ids":[],"_links":{"self":[{"href":"https:\/\/agora.xtec.cat\/cfasalvadordali\/wp-json\/wp\/v2\/posts\/2374","targetHints":{"allow":["GET"]}}],"collection":[{"href":"https:\/\/agora.xtec.cat\/cfasalvadordali\/wp-json\/wp\/v2\/posts"}],"about":[{"href":"https:\/\/agora.xtec.cat\/cfasalvadordali\/wp-json\/wp\/v2\/types\/post"}],"author":[{"embeddable":true,"href":"https:\/\/agora.xtec.cat\/cfasalvadordali\/wp-json\/wp\/v2\/users\/54"}],"replies":[{"embeddable":true,"href":"https:\/\/agora.xtec.cat\/cfasalvadordali\/wp-json\/wp\/v2\/comments?post=2374"}],"version-history":[{"count":6,"href":"https:\/\/agora.xtec.cat\/cfasalvadordali\/wp-json\/wp\/v2\/posts\/2374\/revisions"}],"predecessor-version":[{"id":3551,"href":"https:\/\/agora.xtec.cat\/cfasalvadordali\/wp-json\/wp\/v2\/posts\/2374\/revisions\/3551"}],"wp:featuredmedia":[{"embeddable":true,"href":"https:\/\/agora.xtec.cat\/cfasalvadordali\/wp-json\/wp\/v2\/media\/2437"}],"wp:attachment":[{"href":"https:\/\/agora.xtec.cat\/cfasalvadordali\/wp-json\/wp\/v2\/media?parent=2374"}],"wp:term":[{"taxonomy":"category","embeddable":true,"href":"https:\/\/agora.xtec.cat\/cfasalvadordali\/wp-json\/wp\/v2\/categories?post=2374"},{"taxonomy":"post_tag","embeddable":true,"href":"https:\/\/agora.xtec.cat\/cfasalvadordali\/wp-json\/wp\/v2\/tags?post=2374"}],"curies":[{"name":"wp","href":"https:\/\/api.w.org\/{rel}","templated":true}]}}