{"id":2370,"date":"2023-12-08T17:36:18","date_gmt":"2023-12-08T16:36:18","guid":{"rendered":"https:\/\/agora.xtec.cat\/cfasalvadordali\/?p=2370"},"modified":"2025-02-18T12:25:13","modified_gmt":"2025-02-18T11:25:13","slug":"valoracio-de-lequip-xat-cispjm","status":"publish","type":"post","link":"https:\/\/agora.xtec.cat\/cfasalvadordali\/general\/valoracio-de-lequip-xat-cispjm\/","title":{"rendered":"VALORACI\u00d3 DE L&#8217;EQUIP XAT. CISPJM"},"content":{"rendered":"<h2>L&#8217;equip XAT. CISPJM valora l&#8217;experi\u00e8ncia de la Lliga de debat com una gran oportunitat<\/h2>\n<p style=\"padding-left: 40px;\">Aquesta experi\u00e8ncia ha suposat pels membres del nostre grup una gran OPORTUNITAT de treballar en equip, d\u2019expressar-nos, debatre, respectar i valorar les opinions de cadasc\u00fa.<br \/>\nHem passat nits d\u2019insomni somiant si la intel\u00b7lig\u00e8ncia artificial \u00e9s una<br \/>\namena\u00e7a o no ho \u00e9s per a la humanitat. Treballar durant 3 setmanes amb gent de la universitat i companys que no ens coneix\u00edem ha estat un abans i un despr\u00e9s ja que hem crescut a nivell personal, intel\u00b7lectual<br \/>\nper\u00f2 sobretot, ens hem EMPODERAT. Hem apr\u00e8s que ens podem treure les pors interiors i superar-les. Hem apr\u00e8s a respectar-nos \u00a0sense estar pendent de que les persones de l\u2019exterior ens vegin com a persones i no com a interns. Hem apr\u00e8s a valorar-nos pel que som; bona gent. No hi ha fronteres que ens puguin aturar sempre i quan creiem en NOSALTRES.<\/p>\n<p><a href=\"https:\/\/agora.xtec.cat\/cfasalvadordali\/wp-content\/uploads\/usu363\/2023\/12\/EQUIP-CARME.png\"><img decoding=\"async\" loading=\"lazy\" class=\"aligncenter wp-image-2371 size-large\" src=\"https:\/\/agora.xtec.cat\/cfasalvadordali\/wp-content\/uploads\/usu363\/2023\/12\/EQUIP-CARME-1024x648.png\" alt=\"\" width=\"1024\" height=\"648\" srcset=\"https:\/\/agora.xtec.cat\/cfasalvadordali\/wp-content\/uploads\/usu363\/2023\/12\/EQUIP-CARME-1024x648.png 1024w, https:\/\/agora.xtec.cat\/cfasalvadordali\/wp-content\/uploads\/usu363\/2023\/12\/EQUIP-CARME-300x190.png 300w, https:\/\/agora.xtec.cat\/cfasalvadordali\/wp-content\/uploads\/usu363\/2023\/12\/EQUIP-CARME-768x486.png 768w, https:\/\/agora.xtec.cat\/cfasalvadordali\/wp-content\/uploads\/usu363\/2023\/12\/EQUIP-CARME.png 1047w\" sizes=\"auto, (max-width: 1024px) 100vw, 1024px\" \/><\/a><\/p>\n","protected":false},"excerpt":{"rendered":"<p>L&#8217;equip XAT. CISPJM valora l&#8217;experi\u00e8ncia de la Lliga de debat com una gran oportunitat<br \/>\nAquesta experi\u00e8ncia ha suposat pels membres del nostre grup una gran OPORTUNITAT de treballar en equip, d\u2019expressar-nos, debatre, respectar i valorar les opinions de cadasc\u00fa.<br \/>\nHem passat nits d\u2019insomni somiant si la intel\u00b7lig\u00e8ncia&hellip;  <a href=\"https:\/\/agora.xtec.cat\/cfasalvadordali\/general\/valoracio-de-lequip-xat-cispjm\/\" title=\"Read VALORACI\u00d3 DE L&#8217;EQUIP XAT. CISPJM\">Llegeix m\u00e9s\u00bb<\/a><\/p>\n","protected":false},"author":54,"featured_media":2371,"comment_status":"open","ping_status":"closed","sticky":false,"template":"","format":"standard","meta":{"_bbp_topic_count":0,"_bbp_reply_count":0,"_bbp_total_topic_count":0,"_bbp_total_reply_count":0,"_bbp_voice_count":0,"_bbp_anonymous_reply_count":0,"_bbp_topic_count_hidden":0,"_bbp_reply_count_hidden":0,"_bbp_forum_subforum_count":0,"footnotes":""},"categories":[1,29],"tags":[],"class_list":["post-2370","post","type-post","status-publish","format-standard","has-post-thumbnail","hentry","category-general","category-portada"],"post_mailing_queue_ids":[],"_links":{"self":[{"href":"https:\/\/agora.xtec.cat\/cfasalvadordali\/wp-json\/wp\/v2\/posts\/2370","targetHints":{"allow":["GET"]}}],"collection":[{"href":"https:\/\/agora.xtec.cat\/cfasalvadordali\/wp-json\/wp\/v2\/posts"}],"about":[{"href":"https:\/\/agora.xtec.cat\/cfasalvadordali\/wp-json\/wp\/v2\/types\/post"}],"author":[{"embeddable":true,"href":"https:\/\/agora.xtec.cat\/cfasalvadordali\/wp-json\/wp\/v2\/users\/54"}],"replies":[{"embeddable":true,"href":"https:\/\/agora.xtec.cat\/cfasalvadordali\/wp-json\/wp\/v2\/comments?post=2370"}],"version-history":[{"count":6,"href":"https:\/\/agora.xtec.cat\/cfasalvadordali\/wp-json\/wp\/v2\/posts\/2370\/revisions"}],"predecessor-version":[{"id":3550,"href":"https:\/\/agora.xtec.cat\/cfasalvadordali\/wp-json\/wp\/v2\/posts\/2370\/revisions\/3550"}],"wp:featuredmedia":[{"embeddable":true,"href":"https:\/\/agora.xtec.cat\/cfasalvadordali\/wp-json\/wp\/v2\/media\/2371"}],"wp:attachment":[{"href":"https:\/\/agora.xtec.cat\/cfasalvadordali\/wp-json\/wp\/v2\/media?parent=2370"}],"wp:term":[{"taxonomy":"category","embeddable":true,"href":"https:\/\/agora.xtec.cat\/cfasalvadordali\/wp-json\/wp\/v2\/categories?post=2370"},{"taxonomy":"post_tag","embeddable":true,"href":"https:\/\/agora.xtec.cat\/cfasalvadordali\/wp-json\/wp\/v2\/tags?post=2370"}],"curies":[{"name":"wp","href":"https:\/\/api.w.org\/{rel}","templated":true}]}}