{"id":2367,"date":"2023-12-04T16:22:28","date_gmt":"2023-12-04T15:22:28","guid":{"rendered":"https:\/\/agora.xtec.cat\/cfasalvadordali\/?p=2367"},"modified":"2025-02-18T12:25:01","modified_gmt":"2025-02-18T11:25:01","slug":"la-revolucio-tecnologica","status":"publish","type":"post","link":"https:\/\/agora.xtec.cat\/cfasalvadordali\/portada\/la-revolucio-tecnologica\/","title":{"rendered":"La revoluci\u00f3 tecnol\u00f2gica"},"content":{"rendered":"<p>Els alumnes de GES-2 mat\u00ed han investigat sobre alguns dels invents del segle XVII i XIX que van transformar i millorar la vida de la humanitat. Aparells tan importants com la m\u00e0quina de vapor, la radio, l&#8217;autom\u00f2bil o la desmotadora d&#8217;Eli Whitney, etc. i d&#8217;altres m\u00e0quines m\u00e9s modernes com els cotxes el\u00e8ctrics o la intel\u00b7lig\u00e8ncia\u00a0artificial. Aix\u00ed hem ent\u00e8s que el desenvolupament tecnol\u00f2gic no t\u00e9 fre i que la societat del segle XXI \u00e9s cient\u00edficament molt m\u00e9s avan\u00e7ada que qualsevol etapa anterior. Els alumnes han fet recerca per internet per seleccionar un invent, han ubicat la m\u00e0quina en alguna de les 5 etapes de la revoluci\u00f3 industrial i han fet refer\u00e8ncia a l&#8217;inventor d&#8217;aquest nou descobriment. Amb tota aquesta informaci\u00f3, els alumnes han elaborat un document en word en dues columnes i una imatge. Finalment han creat un mural amb l&#8217;aplicaci\u00f3 padlet. En aquest\u00a0<a href=\"https:\/\/padlet.com\/bbosch2\/els-invents-de-la-revoluci-industrial-n7klcosa9z4ol9ij\" target=\"_blank\" rel=\"noopener\" data-saferedirecturl=\"https:\/\/www.google.com\/url?q=https:\/\/padlet.com\/bbosch2\/els-invents-de-la-revoluci-industrial-n7klcosa9z4ol9ij&amp;source=gmail&amp;ust=1701786003713000&amp;usg=AOvVaw0x-3IrGSrOGKYxzpJw9PR9\">enlla\u00e7<\/a>\u00a0podeu veure el resultat. Esperem que us agradi!<a href=\"https:\/\/agora.xtec.cat\/cfasalvadordali\/wp-content\/uploads\/usu363\/2023\/12\/image.png\"><img decoding=\"async\" loading=\"lazy\" class=\"aligncenter wp-image-2368 size-large\" src=\"https:\/\/agora.xtec.cat\/cfasalvadordali\/wp-content\/uploads\/usu363\/2023\/12\/image-1024x423.png\" alt=\"\" width=\"1024\" height=\"423\" srcset=\"https:\/\/agora.xtec.cat\/cfasalvadordali\/wp-content\/uploads\/usu363\/2023\/12\/image-1024x423.png 1024w, https:\/\/agora.xtec.cat\/cfasalvadordali\/wp-content\/uploads\/usu363\/2023\/12\/image-300x124.png 300w, https:\/\/agora.xtec.cat\/cfasalvadordali\/wp-content\/uploads\/usu363\/2023\/12\/image-768x317.png 768w, https:\/\/agora.xtec.cat\/cfasalvadordali\/wp-content\/uploads\/usu363\/2023\/12\/image-1536x635.png 1536w, https:\/\/agora.xtec.cat\/cfasalvadordali\/wp-content\/uploads\/usu363\/2023\/12\/image.png 1861w\" sizes=\"auto, (max-width: 1024px) 100vw, 1024px\" \/><\/a><\/p>\n","protected":false},"excerpt":{"rendered":"<p>Els alumnes de GES-2 mat\u00ed han investigat sobre alguns dels invents del segle XVII i XIX que van transformar i millorar la vida de la humanitat. Aparells tan importants com la m\u00e0quina de vapor, la radio, l&#8217;autom\u00f2bil o la desmotadora d&#8217;Eli Whitney, etc. i d&#8217;altres&hellip;  <a href=\"https:\/\/agora.xtec.cat\/cfasalvadordali\/portada\/la-revolucio-tecnologica\/\" title=\"Read La revoluci\u00f3 tecnol\u00f2gica\">Llegeix m\u00e9s\u00bb<\/a><\/p>\n","protected":false},"author":54,"featured_media":0,"comment_status":"open","ping_status":"closed","sticky":false,"template":"","format":"standard","meta":{"_bbp_topic_count":0,"_bbp_reply_count":0,"_bbp_total_topic_count":0,"_bbp_total_reply_count":0,"_bbp_voice_count":0,"_bbp_anonymous_reply_count":0,"_bbp_topic_count_hidden":0,"_bbp_reply_count_hidden":0,"_bbp_forum_subforum_count":0,"footnotes":""},"categories":[84,86,85,29],"tags":[],"class_list":["post-2367","post","type-post","status-publish","format-standard","hentry","category-ges1","category-ges2","category-geso","category-portada"],"post_mailing_queue_ids":[],"_links":{"self":[{"href":"https:\/\/agora.xtec.cat\/cfasalvadordali\/wp-json\/wp\/v2\/posts\/2367","targetHints":{"allow":["GET"]}}],"collection":[{"href":"https:\/\/agora.xtec.cat\/cfasalvadordali\/wp-json\/wp\/v2\/posts"}],"about":[{"href":"https:\/\/agora.xtec.cat\/cfasalvadordali\/wp-json\/wp\/v2\/types\/post"}],"author":[{"embeddable":true,"href":"https:\/\/agora.xtec.cat\/cfasalvadordali\/wp-json\/wp\/v2\/users\/54"}],"replies":[{"embeddable":true,"href":"https:\/\/agora.xtec.cat\/cfasalvadordali\/wp-json\/wp\/v2\/comments?post=2367"}],"version-history":[{"count":5,"href":"https:\/\/agora.xtec.cat\/cfasalvadordali\/wp-json\/wp\/v2\/posts\/2367\/revisions"}],"predecessor-version":[{"id":3549,"href":"https:\/\/agora.xtec.cat\/cfasalvadordali\/wp-json\/wp\/v2\/posts\/2367\/revisions\/3549"}],"wp:attachment":[{"href":"https:\/\/agora.xtec.cat\/cfasalvadordali\/wp-json\/wp\/v2\/media?parent=2367"}],"wp:term":[{"taxonomy":"category","embeddable":true,"href":"https:\/\/agora.xtec.cat\/cfasalvadordali\/wp-json\/wp\/v2\/categories?post=2367"},{"taxonomy":"post_tag","embeddable":true,"href":"https:\/\/agora.xtec.cat\/cfasalvadordali\/wp-json\/wp\/v2\/tags?post=2367"}],"curies":[{"name":"wp","href":"https:\/\/api.w.org\/{rel}","templated":true}]}}