{"id":2356,"date":"2023-11-29T18:34:24","date_gmt":"2023-11-29T17:34:24","guid":{"rendered":"https:\/\/agora.xtec.cat\/cfasalvadordali\/?p=2356"},"modified":"2025-02-18T12:24:31","modified_gmt":"2025-02-18T11:24:31","slug":"es-perillos-viure-en-una-societat-totalment-digitalitzada","status":"publish","type":"post","link":"https:\/\/agora.xtec.cat\/cfasalvadordali\/portada\/es-perillos-viure-en-una-societat-totalment-digitalitzada\/","title":{"rendered":"\u00c9s perill\u00f3s viure en una societat totalment digitalitzada?"},"content":{"rendered":"<p style=\"text-align: justify;\">A l\u2019\u00e0mbit de les ci\u00e8ncies socials de GES-2 hem estudiat la Revoluci\u00f3 Industrial. Un dels moments m\u00e9s importants d\u2019evoluci\u00f3 tecnol\u00f2gica en la hist\u00f2ria de la humanitat. I ens hem endinsat en l\u2019\u00e8poca del segle XVIII per descobrir algun dels molts invents que van fer progressar la societat. Per\u00f2 m\u00e9s enll\u00e0 d\u2019estudiar aquells canvis industrials, agraris, demogr\u00e0fics, pol\u00edtics i econ\u00f2mics, hem descobert i relacionat que avui estem en plena revoluci\u00f3 digital. Com en l\u2019any 1750, els nous aparells estan transformant el nostre model de societat. \u00c9s per aix\u00f2 que, encuriosits per entendre tots aquests canvis, hem volgut con\u00e8ixer les caracter\u00edstiques de cada etapa i els seus principals invents i les fonts d\u2019energia utilitzades, des de que va comen\u00e7ar fins avui en dia. Per acabar hem debatut si el futur de la\u00a0 humanitat est\u00e0 en joc en una societat totalment digitalitzada on la intel\u00b7lig\u00e8ncia artificial, la neuroci\u00e8ncia i la biotecnologia transformaran absolutament el m\u00f3n en el qual vivim. Aquest canvis ens ajudaran a ser m\u00e9s feli\u00e7os? Segons els nostres alumnes, nom\u00e9s ho aconseguirem si moralment i emocionalment som m\u00e9s assertius.<\/p>\n<p><a href=\"https:\/\/agora.xtec.cat\/cfasalvadordali\/wp-content\/uploads\/usu363\/2023\/11\/Captura-4.png\"><img loading=\"lazy\" decoding=\"async\" class=\"aligncenter wp-image-2357 size-full\" src=\"https:\/\/agora.xtec.cat\/cfasalvadordali\/wp-content\/uploads\/usu363\/2023\/11\/Captura-4.png\" sizes=\"auto, (max-width: 1015px) 100vw, 1015px\" srcset=\"https:\/\/agora.xtec.cat\/cfasalvadordali\/wp-content\/uploads\/usu363\/2023\/11\/Captura-4.png 1015w, https:\/\/agora.xtec.cat\/cfasalvadordali\/wp-content\/uploads\/usu363\/2023\/11\/Captura-4-300x69.png 300w, https:\/\/agora.xtec.cat\/cfasalvadordali\/wp-content\/uploads\/usu363\/2023\/11\/Captura-4-768x178.png 768w\" alt=\"\" width=\"1015\" height=\"235\" \/><\/a><\/p>\n","protected":false},"excerpt":{"rendered":"<p>A l\u2019\u00e0mbit de les ci\u00e8ncies socials de GES-2 hem estudiat la Revoluci\u00f3 Industrial. Un dels moments m\u00e9s importants d\u2019evoluci\u00f3 tecnol\u00f2gica en la hist\u00f2ria de la humanitat. I ens hem endinsat en l\u2019\u00e8poca del segle XVIII per descobrir algun dels molts invents que van fer progressar&hellip;  <a href=\"https:\/\/agora.xtec.cat\/cfasalvadordali\/portada\/es-perillos-viure-en-una-societat-totalment-digitalitzada\/\" title=\"Read \u00c9s perill\u00f3s viure en una societat totalment digitalitzada?\">Llegeix m\u00e9s\u00bb<\/a><\/p>\n","protected":false},"author":54,"featured_media":2357,"comment_status":"open","ping_status":"closed","sticky":false,"template":"","format":"standard","meta":{"_bbp_topic_count":0,"_bbp_reply_count":0,"_bbp_total_topic_count":0,"_bbp_total_reply_count":0,"_bbp_voice_count":0,"_bbp_anonymous_reply_count":0,"_bbp_topic_count_hidden":0,"_bbp_reply_count_hidden":0,"_bbp_forum_subforum_count":0,"footnotes":""},"categories":[84,86,85,29],"tags":[],"class_list":["post-2356","post","type-post","status-publish","format-standard","has-post-thumbnail","hentry","category-ges1","category-ges2","category-geso","category-portada"],"post_mailing_queue_ids":[],"_links":{"self":[{"href":"https:\/\/agora.xtec.cat\/cfasalvadordali\/wp-json\/wp\/v2\/posts\/2356","targetHints":{"allow":["GET"]}}],"collection":[{"href":"https:\/\/agora.xtec.cat\/cfasalvadordali\/wp-json\/wp\/v2\/posts"}],"about":[{"href":"https:\/\/agora.xtec.cat\/cfasalvadordali\/wp-json\/wp\/v2\/types\/post"}],"author":[{"embeddable":true,"href":"https:\/\/agora.xtec.cat\/cfasalvadordali\/wp-json\/wp\/v2\/users\/54"}],"replies":[{"embeddable":true,"href":"https:\/\/agora.xtec.cat\/cfasalvadordali\/wp-json\/wp\/v2\/comments?post=2356"}],"version-history":[{"count":5,"href":"https:\/\/agora.xtec.cat\/cfasalvadordali\/wp-json\/wp\/v2\/posts\/2356\/revisions"}],"predecessor-version":[{"id":3547,"href":"https:\/\/agora.xtec.cat\/cfasalvadordali\/wp-json\/wp\/v2\/posts\/2356\/revisions\/3547"}],"wp:featuredmedia":[{"embeddable":true,"href":"https:\/\/agora.xtec.cat\/cfasalvadordali\/wp-json\/wp\/v2\/media\/2357"}],"wp:attachment":[{"href":"https:\/\/agora.xtec.cat\/cfasalvadordali\/wp-json\/wp\/v2\/media?parent=2356"}],"wp:term":[{"taxonomy":"category","embeddable":true,"href":"https:\/\/agora.xtec.cat\/cfasalvadordali\/wp-json\/wp\/v2\/categories?post=2356"},{"taxonomy":"post_tag","embeddable":true,"href":"https:\/\/agora.xtec.cat\/cfasalvadordali\/wp-json\/wp\/v2\/tags?post=2356"}],"curies":[{"name":"wp","href":"https:\/\/api.w.org\/{rel}","templated":true}]}}