{"id":2349,"date":"2023-11-16T16:51:35","date_gmt":"2023-11-16T15:51:35","guid":{"rendered":"https:\/\/agora.xtec.cat\/cfasalvadordali\/?p=2349"},"modified":"2025-02-18T12:23:51","modified_gmt":"2025-02-18T11:23:51","slug":"espana-se-rompe","status":"publish","type":"post","link":"https:\/\/agora.xtec.cat\/cfasalvadordali\/general\/espana-se-rompe\/","title":{"rendered":"Goya, un pintor avan\u00e7at a la seva \u00e8poca"},"content":{"rendered":"<p>Des de l&#8217;\u00e0mbit de les ci\u00e8ncies socials de GES-2 hem estudiat la vida i l&#8217;obra de Francisco de Goya y Lucientes, considerat un dels pintors m\u00e9s importants i influents de tots els temps.\u00a0 A trav\u00e9s de la vida de l&#8217;artista, els alumnes han apr\u00e8s la realitat social de l&#8217;Espanya de finals del segle XVIII i inicis del XIX. Una \u00e8poca dif\u00edcil, amb inestabilitat pol\u00edtica i social,\u00a0\u00a0on el despotisme il\u00b7lustrat, la Guerra d&#8217;Independ\u00e8ncia i la Guerra del Franc\u00e8s van marcar la vida art\u00edstica del pintor. Les seves obres tenen una evoluci\u00f3 impactant per l&#8217;alumne, que pot analitzar, reflexionar i emocionar-se amb unes pintures tan diferents com: els retrats de cambra i escenes de la vida quotidiana dels estaments privilegiats, corresponents a la primera i segona etapa de l&#8217;artista, o les anomenades pintures fosques i els desastres de guerra, corresponents a la tercera i quarta etapa de creaci\u00f3 art\u00edstica, la seva \u00e8poca m\u00e9s obscura i fosca.\u00a0A trav\u00e9s de l&#8217;art i amb una mirada d&#8217;artista, els alumnes han pogut reflexionar sobre els diferents moments vitals que ens toquen viure i com el nostre entorn ens fa pensar i actuar de determinades maneres, de vegades sense ser-ne massa conscients. La viol\u00e8ncia, la por, l&#8217;angoixa i la mis\u00e8ria han estat molt presents durant segles en totes les societats de la hist\u00f2ria i, malauradament, les nostres vides tampoc estan absent d&#8217;aquestes emocions. <a href=\"https:\/\/agora.xtec.cat\/cfasalvadordali\/wp-content\/uploads\/usu363\/2023\/11\/Mural_F.deGoya.jpg\"><img loading=\"lazy\" decoding=\"async\" class=\"aligncenter size-medium wp-image-2350\" src=\"https:\/\/agora.xtec.cat\/cfasalvadordali\/wp-content\/uploads\/usu363\/2023\/11\/Mural_F.deGoya-300x166.jpg\" alt=\"\" width=\"300\" height=\"166\" srcset=\"https:\/\/agora.xtec.cat\/cfasalvadordali\/wp-content\/uploads\/usu363\/2023\/11\/Mural_F.deGoya-300x166.jpg 300w, https:\/\/agora.xtec.cat\/cfasalvadordali\/wp-content\/uploads\/usu363\/2023\/11\/Mural_F.deGoya-1024x565.jpg 1024w, https:\/\/agora.xtec.cat\/cfasalvadordali\/wp-content\/uploads\/usu363\/2023\/11\/Mural_F.deGoya-768x424.jpg 768w, https:\/\/agora.xtec.cat\/cfasalvadordali\/wp-content\/uploads\/usu363\/2023\/11\/Mural_F.deGoya.jpg 1415w\" sizes=\"auto, (max-width: 300px) 100vw, 300px\" \/><\/a><\/p>\n","protected":false},"excerpt":{"rendered":"<p>Des de l&#8217;\u00e0mbit de les ci\u00e8ncies socials de GES-2 hem estudiat la vida i l&#8217;obra de Francisco de Goya y Lucientes, considerat un dels pintors m\u00e9s importants i influents de tots els temps.\u00a0 A trav\u00e9s de la vida de l&#8217;artista, els alumnes han apr\u00e8s la&hellip;  <a href=\"https:\/\/agora.xtec.cat\/cfasalvadordali\/general\/espana-se-rompe\/\" title=\"Read Goya, un pintor avan\u00e7at a la seva \u00e8poca\">Llegeix m\u00e9s\u00bb<\/a><\/p>\n","protected":false},"author":54,"featured_media":2350,"comment_status":"open","ping_status":"closed","sticky":false,"template":"","format":"standard","meta":{"_bbp_topic_count":0,"_bbp_reply_count":0,"_bbp_total_topic_count":0,"_bbp_total_reply_count":0,"_bbp_voice_count":0,"_bbp_anonymous_reply_count":0,"_bbp_topic_count_hidden":0,"_bbp_reply_count_hidden":0,"_bbp_forum_subforum_count":0,"footnotes":""},"categories":[96,1,85,29],"tags":[],"class_list":["post-2349","post","type-post","status-publish","format-standard","has-post-thumbnail","hentry","category-activitats-culturals","category-general","category-geso","category-portada"],"post_mailing_queue_ids":[],"_links":{"self":[{"href":"https:\/\/agora.xtec.cat\/cfasalvadordali\/wp-json\/wp\/v2\/posts\/2349","targetHints":{"allow":["GET"]}}],"collection":[{"href":"https:\/\/agora.xtec.cat\/cfasalvadordali\/wp-json\/wp\/v2\/posts"}],"about":[{"href":"https:\/\/agora.xtec.cat\/cfasalvadordali\/wp-json\/wp\/v2\/types\/post"}],"author":[{"embeddable":true,"href":"https:\/\/agora.xtec.cat\/cfasalvadordali\/wp-json\/wp\/v2\/users\/54"}],"replies":[{"embeddable":true,"href":"https:\/\/agora.xtec.cat\/cfasalvadordali\/wp-json\/wp\/v2\/comments?post=2349"}],"version-history":[{"count":6,"href":"https:\/\/agora.xtec.cat\/cfasalvadordali\/wp-json\/wp\/v2\/posts\/2349\/revisions"}],"predecessor-version":[{"id":3545,"href":"https:\/\/agora.xtec.cat\/cfasalvadordali\/wp-json\/wp\/v2\/posts\/2349\/revisions\/3545"}],"wp:featuredmedia":[{"embeddable":true,"href":"https:\/\/agora.xtec.cat\/cfasalvadordali\/wp-json\/wp\/v2\/media\/2350"}],"wp:attachment":[{"href":"https:\/\/agora.xtec.cat\/cfasalvadordali\/wp-json\/wp\/v2\/media?parent=2349"}],"wp:term":[{"taxonomy":"category","embeddable":true,"href":"https:\/\/agora.xtec.cat\/cfasalvadordali\/wp-json\/wp\/v2\/categories?post=2349"},{"taxonomy":"post_tag","embeddable":true,"href":"https:\/\/agora.xtec.cat\/cfasalvadordali\/wp-json\/wp\/v2\/tags?post=2349"}],"curies":[{"name":"wp","href":"https:\/\/api.w.org\/{rel}","templated":true}]}}