{"id":2301,"date":"2023-11-09T12:18:29","date_gmt":"2023-11-09T11:18:29","guid":{"rendered":"https:\/\/agora.xtec.cat\/cfasalvadordali\/?p=2301"},"modified":"2025-02-18T12:23:02","modified_gmt":"2025-02-18T11:23:02","slug":"compte-enrere-per-la-lliga-de-debat","status":"publish","type":"post","link":"https:\/\/agora.xtec.cat\/cfasalvadordali\/general\/compte-enrere-per-la-lliga-de-debat\/","title":{"rendered":"COMPTE ENRERE PER  A LA LLIGA DE DEBAT"},"content":{"rendered":"<h4 role=\"heading\" aria-level=\"1\">Arriba La lliga de Debat<\/h4>\n<p role=\"heading\" aria-level=\"1\">El dilluns 6\/11 s&#8217;inicia la primera edici\u00f3 de\u00a0 <em>La lliga de debat<\/em>\u00a0 al nostre centre. M\u00e9s de 30 interns s&#8217;han inscrit per participar d&#8217;una formaci\u00f3 liderada per la UPF que els ha de permetre millorar les seves habilitats comunicatives i d&#8217;argumentaci\u00f3 alhora que fomentar l\u2019adquisici\u00f3 de compet\u00e8ncies transversals, com la seguretat, el treball en equip, la creativitat, la documentaci\u00f3, l\u2019an\u00e0lisi, la construcci\u00f3 d\u2019un discurs i la planificaci\u00f3 i presa de decisions.\u00a0 La proposta s&#8217;articula com un concurs on dels diferents equips, capitanejats per voluntariat de la UPH i docents de l&#8217;escola, hauran de posar en pr\u00e0ctica tot all\u00f3 que han apr\u00e8s al llarg de dues setmanes de formaci\u00f3.<\/p>\n<h5 role=\"heading\" aria-level=\"1\">Lliga de Debat a centres penitenciaris<\/h5>\n<div id=\"main-content\" class=\"columns-1\" role=\"main\">\n<div class=\"portlet-layout row\">\n<div id=\"column-1\" class=\"col-md-12 portlet-column portlet-column-only\">\n<div id=\"layout-column_column-1\" class=\"portlet-dropzone portlet-column-content portlet-column-content-only\">\n<div id=\"p_p_id_com_liferay_journal_content_web_portlet_JournalContentPortlet_INSTANCE_op2wsgUAxLhb_\" class=\"portlet-boundary portlet-boundary_com_liferay_journal_content_web_portlet_JournalContentPortlet_ portlet-static portlet-static-end portlet-borderless portlet-journal-content \">\n<section id=\"portlet_com_liferay_journal_content_web_portlet_JournalContentPortlet_INSTANCE_op2wsgUAxLhb\" class=\"portlet \">\n<div class=\"portlet-content\">\n<div class=\"autofit-float autofit-row \">\n<div class=\"autofit-col autofit-col-end\">\n<div class=\"autofit-section\">\n<div class=\"visible-interaction\"><\/div>\n<\/div>\n<\/div>\n<\/div>\n<div class=\" portlet-content-container\">\n<div class=\"portlet-body\">\n<div class=\"\" data-fragments-editor-item-id=\"10108-260471878\" data-fragments-editor-item-type=\"fragments-editor-mapped-item\">\n<div class=\"journal-content-article \" data-analytics-asset-id=\"260471876\" data-analytics-asset-title=\"LDCP 22-23\" data-analytics-asset-type=\"web-content\">\n<p>En aquest projecte la UPF vol contribuir a la formaci\u00f3 per a la reinserci\u00f3 social i a reduir el rebuig i estigmatitzaci\u00f3 social dels interns i les internes dels centres penitenciaris. Es tracta d\u2019una adaptaci\u00f3 de la lliga de debat universit\u00e0ria de la UPF en el marc d\u2019un centre penitenciari, que inclou una formaci\u00f3 presencial en orat\u00f2ria per a les persones internes i la posterior organitzaci\u00f3 d\u2019una lliga de debat per equips.<\/p>\n<p>El projecte s\u2019emmarca dins el conveni de col\u00b7laboraci\u00f3 signat amb el Departament de Just\u00edcia de la Generalitat de Catalunya i est\u00e0 organitzat pel servei de Sostenibilitat, Atenci\u00f3 i Comprom\u00eds Universitaris (SACU).<\/p>\n<p><a href=\"https:\/\/agora.xtec.cat\/cfasalvadordali\/wp-content\/uploads\/usu363\/2023\/11\/lliga.png\"><img decoding=\"async\" loading=\"lazy\" class=\"aligncenter wp-image-2302 size-medium\" src=\"https:\/\/agora.xtec.cat\/cfasalvadordali\/wp-content\/uploads\/usu363\/2023\/11\/lliga-214x300.png\" alt=\"\" width=\"214\" height=\"300\" srcset=\"https:\/\/agora.xtec.cat\/cfasalvadordali\/wp-content\/uploads\/usu363\/2023\/11\/lliga-214x300.png 214w, https:\/\/agora.xtec.cat\/cfasalvadordali\/wp-content\/uploads\/usu363\/2023\/11\/lliga.png 529w\" sizes=\"auto, (max-width: 214px) 100vw, 214px\" \/><\/a><\/p>\n<\/div>\n<\/div>\n<\/div>\n<\/div>\n<\/div>\n<\/section>\n<\/div>\n<\/div>\n<\/div>\n<\/div>\n<\/div>\n","protected":false},"excerpt":{"rendered":"<p>Arriba La lliga de Debat<br \/>\nEl dilluns 6\/11 s&#8217;inicia la primera edici\u00f3 de\u00a0 La lliga de debat\u00a0 al nostre centre. M\u00e9s de 30 interns s&#8217;han inscrit per participar d&#8217;una formaci\u00f3 liderada per la UPF que els ha de permetre millorar les seves habilitats comunicatives i d&#8217;argumentaci\u00f3&hellip;  <a href=\"https:\/\/agora.xtec.cat\/cfasalvadordali\/general\/compte-enrere-per-la-lliga-de-debat\/\" title=\"Read COMPTE ENRERE PER  A LA LLIGA DE DEBAT\">Llegeix m\u00e9s\u00bb<\/a><\/p>\n","protected":false},"author":54,"featured_media":2302,"comment_status":"open","ping_status":"closed","sticky":false,"template":"","format":"standard","meta":{"_bbp_topic_count":0,"_bbp_reply_count":0,"_bbp_total_topic_count":0,"_bbp_total_reply_count":0,"_bbp_voice_count":0,"_bbp_anonymous_reply_count":0,"_bbp_topic_count_hidden":0,"_bbp_reply_count_hidden":0,"_bbp_forum_subforum_count":0,"footnotes":""},"categories":[96,1,29],"tags":[],"class_list":["post-2301","post","type-post","status-publish","format-standard","has-post-thumbnail","hentry","category-activitats-culturals","category-general","category-portada"],"post_mailing_queue_ids":[],"_links":{"self":[{"href":"https:\/\/agora.xtec.cat\/cfasalvadordali\/wp-json\/wp\/v2\/posts\/2301","targetHints":{"allow":["GET"]}}],"collection":[{"href":"https:\/\/agora.xtec.cat\/cfasalvadordali\/wp-json\/wp\/v2\/posts"}],"about":[{"href":"https:\/\/agora.xtec.cat\/cfasalvadordali\/wp-json\/wp\/v2\/types\/post"}],"author":[{"embeddable":true,"href":"https:\/\/agora.xtec.cat\/cfasalvadordali\/wp-json\/wp\/v2\/users\/54"}],"replies":[{"embeddable":true,"href":"https:\/\/agora.xtec.cat\/cfasalvadordali\/wp-json\/wp\/v2\/comments?post=2301"}],"version-history":[{"count":6,"href":"https:\/\/agora.xtec.cat\/cfasalvadordali\/wp-json\/wp\/v2\/posts\/2301\/revisions"}],"predecessor-version":[{"id":3541,"href":"https:\/\/agora.xtec.cat\/cfasalvadordali\/wp-json\/wp\/v2\/posts\/2301\/revisions\/3541"}],"wp:featuredmedia":[{"embeddable":true,"href":"https:\/\/agora.xtec.cat\/cfasalvadordali\/wp-json\/wp\/v2\/media\/2302"}],"wp:attachment":[{"href":"https:\/\/agora.xtec.cat\/cfasalvadordali\/wp-json\/wp\/v2\/media?parent=2301"}],"wp:term":[{"taxonomy":"category","embeddable":true,"href":"https:\/\/agora.xtec.cat\/cfasalvadordali\/wp-json\/wp\/v2\/categories?post=2301"},{"taxonomy":"post_tag","embeddable":true,"href":"https:\/\/agora.xtec.cat\/cfasalvadordali\/wp-json\/wp\/v2\/tags?post=2301"}],"curies":[{"name":"wp","href":"https:\/\/api.w.org\/{rel}","templated":true}]}}