{"id":2236,"date":"2023-10-03T11:58:51","date_gmt":"2023-10-03T09:58:51","guid":{"rendered":"https:\/\/agora.xtec.cat\/cfasalvadordali\/?p=2236"},"modified":"2025-02-18T12:22:03","modified_gmt":"2025-02-18T11:22:03","slug":"recollim-el-premi-anem-a-comprar-llibres","status":"publish","type":"post","link":"https:\/\/agora.xtec.cat\/cfasalvadordali\/general\/recollim-el-premi-anem-a-comprar-llibres\/","title":{"rendered":"RECOLLIM EL PREMI, ANEM A COMPRAR LLIBRES!"},"content":{"rendered":"<p><strong><a href=\"https:\/\/agora.xtec.cat\/cfasalvadordali\/wp-content\/uploads\/usu363\/2023\/09\/WhatsApp-Image-2023-09-13-at-16.01.46.jpeg\"><img loading=\"lazy\" decoding=\"async\" class=\"aligncenter wp-image-2239 size-full\" src=\"https:\/\/agora.xtec.cat\/cfasalvadordali\/wp-content\/uploads\/usu363\/2023\/09\/WhatsApp-Image-2023-09-13-at-16.01.46.jpeg\" alt=\"\" width=\"1024\" height=\"768\" srcset=\"https:\/\/agora.xtec.cat\/cfasalvadordali\/wp-content\/uploads\/usu363\/2023\/09\/WhatsApp-Image-2023-09-13-at-16.01.46.jpeg 1024w, https:\/\/agora.xtec.cat\/cfasalvadordali\/wp-content\/uploads\/usu363\/2023\/09\/WhatsApp-Image-2023-09-13-at-16.01.46-300x225.jpeg 300w, https:\/\/agora.xtec.cat\/cfasalvadordali\/wp-content\/uploads\/usu363\/2023\/09\/WhatsApp-Image-2023-09-13-at-16.01.46-768x576.jpeg 768w, https:\/\/agora.xtec.cat\/cfasalvadordali\/wp-content\/uploads\/usu363\/2023\/09\/WhatsApp-Image-2023-09-13-at-16.01.46-200x150.jpeg 200w\" sizes=\"auto, (max-width: 1024px) 100vw, 1024px\" \/><\/a> XVIII Concurs El Gust per la Lectura. En Txema, l&#8217;Andr\u00e9s i el seu professor de l&#8217;\u00e0mbit de la comunicaci\u00f3, en David.<\/strong><\/p>\n<p>La setmana passada els dos alumnes que van ser finalistes del XVIII Concurs El Gust per la Lectura, organitzat pel Departament d\u2019Educaci\u00f3 de la Generalitat de Catalunya, vanrecollir el premi aconseguit amb el seu treball audiovisual Versos d\u2019oblit.<br \/>\nEls dos alumnes van ser premiats amb un val per comprar llibres valorat en 500\u20ac, 150\u20ac per a cadascun d\u2019ells i 200\u20ac per ampliar la biblioteca del nostre centre educatiu. Vam comprar els exemplars a la Setmana del llibre en catal\u00e0, que enguany celebrava la seva 40a edici\u00f3 al Moll de la Fusta, a Barcelona.<br \/>\nEn Txema i l\u2019Andr\u00e9s, els dos alumnes premiats van escollir llibres de diferents g\u00e8neres literaris: novel\u00b7les gr\u00e0fiques com Hist\u00f2ries de la model o Ainhoa, c\u00f2mics com One Piece o Dragon ball, l\u2019Enciclop\u00e8dia del Bar\u00e7a, poesies com la de la mallorquina Antonina Canyelles a Putes i consentides&#8230;<\/p>\n","protected":false},"excerpt":{"rendered":"<p><a href=\"https:\/\/agora.xtec.cat\/cfasalvadordali\/wp-content\/uploads\/usu363\/2023\/09\/WhatsApp-Image-2023-09-13-at-16.01.46.jpeg\"><\/a> XVIII Concurs El Gust per la Lectura. En Txema, l&#8217;Andr\u00e9s i el seu professor de l&#8217;\u00e0mbit de la comunicaci\u00f3, en David.<br \/>\nLa setmana passada els dos alumnes que van ser finalistes del XVIII Concurs El Gust per la Lectura, organitzat pel Departament d\u2019Educaci\u00f3 de&hellip;  <a href=\"https:\/\/agora.xtec.cat\/cfasalvadordali\/general\/recollim-el-premi-anem-a-comprar-llibres\/\" title=\"Read RECOLLIM EL PREMI, ANEM A COMPRAR LLIBRES!\">Llegeix m\u00e9s\u00bb<\/a><\/p>\n","protected":false},"author":54,"featured_media":2239,"comment_status":"open","ping_status":"closed","sticky":false,"template":"","format":"standard","meta":{"_bbp_topic_count":0,"_bbp_reply_count":0,"_bbp_total_topic_count":0,"_bbp_total_reply_count":0,"_bbp_voice_count":0,"_bbp_anonymous_reply_count":0,"_bbp_topic_count_hidden":0,"_bbp_reply_count_hidden":0,"_bbp_forum_subforum_count":0,"footnotes":""},"categories":[96,1,86,85,29],"tags":[],"class_list":["post-2236","post","type-post","status-publish","format-standard","has-post-thumbnail","hentry","category-activitats-culturals","category-general","category-ges2","category-geso","category-portada"],"post_mailing_queue_ids":[],"_links":{"self":[{"href":"https:\/\/agora.xtec.cat\/cfasalvadordali\/wp-json\/wp\/v2\/posts\/2236","targetHints":{"allow":["GET"]}}],"collection":[{"href":"https:\/\/agora.xtec.cat\/cfasalvadordali\/wp-json\/wp\/v2\/posts"}],"about":[{"href":"https:\/\/agora.xtec.cat\/cfasalvadordali\/wp-json\/wp\/v2\/types\/post"}],"author":[{"embeddable":true,"href":"https:\/\/agora.xtec.cat\/cfasalvadordali\/wp-json\/wp\/v2\/users\/54"}],"replies":[{"embeddable":true,"href":"https:\/\/agora.xtec.cat\/cfasalvadordali\/wp-json\/wp\/v2\/comments?post=2236"}],"version-history":[{"count":6,"href":"https:\/\/agora.xtec.cat\/cfasalvadordali\/wp-json\/wp\/v2\/posts\/2236\/revisions"}],"predecessor-version":[{"id":3537,"href":"https:\/\/agora.xtec.cat\/cfasalvadordali\/wp-json\/wp\/v2\/posts\/2236\/revisions\/3537"}],"wp:featuredmedia":[{"embeddable":true,"href":"https:\/\/agora.xtec.cat\/cfasalvadordali\/wp-json\/wp\/v2\/media\/2239"}],"wp:attachment":[{"href":"https:\/\/agora.xtec.cat\/cfasalvadordali\/wp-json\/wp\/v2\/media?parent=2236"}],"wp:term":[{"taxonomy":"category","embeddable":true,"href":"https:\/\/agora.xtec.cat\/cfasalvadordali\/wp-json\/wp\/v2\/categories?post=2236"},{"taxonomy":"post_tag","embeddable":true,"href":"https:\/\/agora.xtec.cat\/cfasalvadordali\/wp-json\/wp\/v2\/tags?post=2236"}],"curies":[{"name":"wp","href":"https:\/\/api.w.org\/{rel}","templated":true}]}}