{"id":2200,"date":"2023-07-19T18:41:45","date_gmt":"2023-07-19T16:41:45","guid":{"rendered":"https:\/\/agora.xtec.cat\/cfasalvadordali\/?p=2200"},"modified":"2025-02-18T12:21:38","modified_gmt":"2025-02-18T11:21:38","slug":"finalistes-al-premi-miranda","status":"publish","type":"post","link":"https:\/\/agora.xtec.cat\/cfasalvadordali\/portada\/finalistes-al-premi-miranda\/","title":{"rendered":"FINALISTES AL PREMI MIRANDA"},"content":{"rendered":"<p>El nostre alumne de GESO L.V ha quedat finalista al Premi\u00a0<strong>La Miranda\u00a0<\/strong><em>\u201cPetits relats de la nostra vida\u201d<\/em>.Aquesta iniciativa, organitzada per\u00a0 l&#8217;ajuntament de La Roca del Vall\u00e8s, l\u00b4Arxiu de la Mem\u00f2ria Popular i el grup de treball per la Mem\u00f2ria popular t\u00e9 un doble objectiu el d\u2019impulsar a les persones a escriure les pr\u00f2pies viv\u00e8ncies de forma<strong>\u00a0Autobiogr\u00e0fica\u00a0<\/strong>i el de<strong>\u00a0<\/strong>recuperar i mantenir el seu relat de fets i viv\u00e8ncies com a font de la mem\u00f2ria individual per\u00f2 tamb\u00e9 col.lectiva.<\/p>\n<p>Felicitem en L.V i el seu professor , en David!<\/p>\n<style type=\"text\/css\">\n\t\t\t#gallery-1 {\n\t\t\t\tmargin: auto;\n\t\t\t}\n\t\t\t#gallery-1 .gallery-item {\n\t\t\t\tfloat: left;\n\t\t\t\tmargin-top: 10px;\n\t\t\t\ttext-align: center;\n\t\t\t\twidth: 100%;\n\t\t\t}\n\t\t\t#gallery-1 img {\n\t\t\t\tborder: 2px solid #cfcfcf;\n\t\t\t}\n\t\t\t#gallery-1 .gallery-caption {\n\t\t\t\tmargin-left: 0;\n\t\t\t}\n\t\t\t\/* see gallery_shortcode() in wp-includes\/media.php *\/\n\t\t<\/style>\n<div id='gallery-1' class='gallery galleryid-2200 gallery-columns-1 gallery-size-thumbnail'>\n<dl class='gallery-item'>\n<dt class='gallery-icon portrait'>\n\t\t\t\t<a href='https:\/\/agora.xtec.cat\/cfasalvadordali\/portada\/finalistes-al-premi-miranda\/attachment\/whatsapp-image-2023-07-19-at-18-27-02\/'><img loading=\"lazy\" decoding=\"async\" width=\"150\" height=\"150\" src=\"https:\/\/agora.xtec.cat\/cfasalvadordali\/wp-content\/uploads\/usu363\/2023\/07\/WhatsApp-Image-2023-07-19-at-18.27.02-150x150.jpeg\" class=\"attachment-thumbnail size-thumbnail\" alt=\"\" \/><\/a>\n\t\t\t<\/dt>\n<\/dl>\n<p><br style=\"clear: both\" \/><\/p>\n<dl class='gallery-item'>\n<dt class='gallery-icon portrait'>\n\t\t\t\t<a href='https:\/\/agora.xtec.cat\/cfasalvadordali\/portada\/finalistes-al-premi-miranda\/attachment\/whatsapp-image-2023-07-19-at-18-27-34\/'><img loading=\"lazy\" decoding=\"async\" width=\"150\" height=\"150\" src=\"https:\/\/agora.xtec.cat\/cfasalvadordali\/wp-content\/uploads\/usu363\/2023\/07\/WhatsApp-Image-2023-07-19-at-18.27.34-150x150.jpeg\" class=\"attachment-thumbnail size-thumbnail\" alt=\"\" \/><\/a>\n\t\t\t<\/dt>\n<\/dl>\n<p><br style=\"clear: both\" \/><\/p>\n<dl class='gallery-item'>\n<dt class='gallery-icon portrait'>\n\t\t\t\t<a href='https:\/\/agora.xtec.cat\/cfasalvadordali\/portada\/finalistes-al-premi-miranda\/attachment\/miranda\/'><img loading=\"lazy\" decoding=\"async\" width=\"150\" height=\"150\" src=\"https:\/\/agora.xtec.cat\/cfasalvadordali\/wp-content\/uploads\/usu363\/2023\/07\/miranda-150x150.png\" class=\"attachment-thumbnail size-thumbnail\" alt=\"\" \/><\/a>\n\t\t\t<\/dt>\n<\/dl>\n<p><br style=\"clear: both\" \/>\n\t\t<\/div>\n<p data-adtags-visited=\"true\"><a href=\"https:\/\/agora.xtec.cat\/cfasalvadordali\/wp-content\/uploads\/usu363\/2023\/07\/WhatsApp-Image-2023-07-19-at-18.27.34.jpeg\"><img loading=\"lazy\" decoding=\"async\" class=\"alignleft wp-image-2203 size-large\" src=\"https:\/\/agora.xtec.cat\/cfasalvadordali\/wp-content\/uploads\/usu363\/2023\/07\/WhatsApp-Image-2023-07-19-at-18.27.34-768x1024.jpeg\" alt=\"\" width=\"768\" height=\"1024\" srcset=\"https:\/\/agora.xtec.cat\/cfasalvadordali\/wp-content\/uploads\/usu363\/2023\/07\/WhatsApp-Image-2023-07-19-at-18.27.34-768x1024.jpeg 768w, https:\/\/agora.xtec.cat\/cfasalvadordali\/wp-content\/uploads\/usu363\/2023\/07\/WhatsApp-Image-2023-07-19-at-18.27.34-225x300.jpeg 225w, https:\/\/agora.xtec.cat\/cfasalvadordali\/wp-content\/uploads\/usu363\/2023\/07\/WhatsApp-Image-2023-07-19-at-18.27.34-1152x1536.jpeg 1152w, https:\/\/agora.xtec.cat\/cfasalvadordali\/wp-content\/uploads\/usu363\/2023\/07\/WhatsApp-Image-2023-07-19-at-18.27.34.jpeg 1200w\" sizes=\"auto, (max-width: 768px) 100vw, 768px\" \/><\/a><\/p>\n","protected":false},"excerpt":{"rendered":"<p>El nostre alumne de GESO L.V ha quedat finalista al Premi\u00a0La Miranda\u00a0\u201cPetits relats de la nostra vida\u201d.Aquesta iniciativa, organitzada per\u00a0 l&#8217;ajuntament de La Roca del Vall\u00e8s, l\u00b4Arxiu de la Mem\u00f2ria Popular i el grup de treball per la Mem\u00f2ria popular t\u00e9 un doble objectiu el&hellip;  <a href=\"https:\/\/agora.xtec.cat\/cfasalvadordali\/portada\/finalistes-al-premi-miranda\/\" title=\"Read FINALISTES AL PREMI MIRANDA\">Llegeix m\u00e9s\u00bb<\/a><\/p>\n","protected":false},"author":54,"featured_media":2201,"comment_status":"open","ping_status":"closed","sticky":false,"template":"","format":"standard","meta":{"_bbp_topic_count":0,"_bbp_reply_count":0,"_bbp_total_topic_count":0,"_bbp_total_reply_count":0,"_bbp_voice_count":0,"_bbp_anonymous_reply_count":0,"_bbp_topic_count_hidden":0,"_bbp_reply_count_hidden":0,"_bbp_forum_subforum_count":0,"footnotes":""},"categories":[86,85,29],"tags":[],"class_list":["post-2200","post","type-post","status-publish","format-standard","has-post-thumbnail","hentry","category-ges2","category-geso","category-portada"],"post_mailing_queue_ids":[],"_links":{"self":[{"href":"https:\/\/agora.xtec.cat\/cfasalvadordali\/wp-json\/wp\/v2\/posts\/2200","targetHints":{"allow":["GET"]}}],"collection":[{"href":"https:\/\/agora.xtec.cat\/cfasalvadordali\/wp-json\/wp\/v2\/posts"}],"about":[{"href":"https:\/\/agora.xtec.cat\/cfasalvadordali\/wp-json\/wp\/v2\/types\/post"}],"author":[{"embeddable":true,"href":"https:\/\/agora.xtec.cat\/cfasalvadordali\/wp-json\/wp\/v2\/users\/54"}],"replies":[{"embeddable":true,"href":"https:\/\/agora.xtec.cat\/cfasalvadordali\/wp-json\/wp\/v2\/comments?post=2200"}],"version-history":[{"count":5,"href":"https:\/\/agora.xtec.cat\/cfasalvadordali\/wp-json\/wp\/v2\/posts\/2200\/revisions"}],"predecessor-version":[{"id":3535,"href":"https:\/\/agora.xtec.cat\/cfasalvadordali\/wp-json\/wp\/v2\/posts\/2200\/revisions\/3535"}],"wp:featuredmedia":[{"embeddable":true,"href":"https:\/\/agora.xtec.cat\/cfasalvadordali\/wp-json\/wp\/v2\/media\/2201"}],"wp:attachment":[{"href":"https:\/\/agora.xtec.cat\/cfasalvadordali\/wp-json\/wp\/v2\/media?parent=2200"}],"wp:term":[{"taxonomy":"category","embeddable":true,"href":"https:\/\/agora.xtec.cat\/cfasalvadordali\/wp-json\/wp\/v2\/categories?post=2200"},{"taxonomy":"post_tag","embeddable":true,"href":"https:\/\/agora.xtec.cat\/cfasalvadordali\/wp-json\/wp\/v2\/tags?post=2200"}],"curies":[{"name":"wp","href":"https:\/\/api.w.org\/{rel}","templated":true}]}}