{"id":2162,"date":"2023-07-10T13:19:37","date_gmt":"2023-07-10T11:19:37","guid":{"rendered":"https:\/\/agora.xtec.cat\/cfasalvadordali\/?p=2162"},"modified":"2025-02-18T12:21:12","modified_gmt":"2025-02-18T11:21:12","slug":"festa-de-les-families-3","status":"publish","type":"post","link":"https:\/\/agora.xtec.cat\/cfasalvadordali\/general\/festa-de-les-families-3\/","title":{"rendered":"FESTA DE LES FAM\u00cdLIES"},"content":{"rendered":"<p>Ja tenim aqu\u00ed la primera tongada de fotos de la festa de les fam\u00edlies!<\/p>\n<p>Seguiu aquest enlla\u00e7 per visualitzar les fotos:<\/p>\n<p><a href=\"https:\/\/drive.google.com\/drive\/folders\/1Ov_1wJZ2xtKcEPEv4mCjDLd0K13te0TF?usp=sharing\">festa de les fam\u00edlies torn tarda<\/a><\/p>\n<p><a href=\"https:\/\/agora.xtec.cat\/cfasalvadordali\/wp-content\/uploads\/usu363\/2023\/07\/families-web.gif\"><img decoding=\"async\" loading=\"lazy\" class=\"aligncenter size-full wp-image-2182\" src=\"https:\/\/agora.xtec.cat\/cfasalvadordali\/wp-content\/uploads\/usu363\/2023\/07\/families-web.gif\" alt=\"\" width=\"901\" height=\"647\" \/><\/a><\/p>\n","protected":false},"excerpt":{"rendered":"<p>Ja tenim aqu\u00ed la primera tongada de fotos de la festa de les fam\u00edlies!<br \/>\nSeguiu aquest enlla\u00e7 per visualitzar les fotos:<br \/>\n<a href=\"https:\/\/drive.google.com\/drive\/folders\/1Ov_1wJZ2xtKcEPEv4mCjDLd0K13te0TF?usp=sharing\">festa de les fam\u00edlies torn tarda<\/a><br \/>\n<a href=\"https:\/\/agora.xtec.cat\/cfasalvadordali\/wp-content\/uploads\/usu363\/2023\/07\/families-web.gif\"><\/a><\/p>\n","protected":false},"author":54,"featured_media":0,"comment_status":"open","ping_status":"closed","sticky":false,"template":"","format":"standard","meta":{"_bbp_topic_count":0,"_bbp_reply_count":0,"_bbp_total_topic_count":0,"_bbp_total_reply_count":0,"_bbp_voice_count":0,"_bbp_anonymous_reply_count":0,"_bbp_topic_count_hidden":0,"_bbp_reply_count_hidden":0,"_bbp_forum_subforum_count":0,"footnotes":""},"categories":[96,1,29],"tags":[147],"class_list":["post-2162","post","type-post","status-publish","format-standard","hentry","category-activitats-culturals","category-general","category-portada","tag-families"],"post_mailing_queue_ids":[],"_links":{"self":[{"href":"https:\/\/agora.xtec.cat\/cfasalvadordali\/wp-json\/wp\/v2\/posts\/2162","targetHints":{"allow":["GET"]}}],"collection":[{"href":"https:\/\/agora.xtec.cat\/cfasalvadordali\/wp-json\/wp\/v2\/posts"}],"about":[{"href":"https:\/\/agora.xtec.cat\/cfasalvadordali\/wp-json\/wp\/v2\/types\/post"}],"author":[{"embeddable":true,"href":"https:\/\/agora.xtec.cat\/cfasalvadordali\/wp-json\/wp\/v2\/users\/54"}],"replies":[{"embeddable":true,"href":"https:\/\/agora.xtec.cat\/cfasalvadordali\/wp-json\/wp\/v2\/comments?post=2162"}],"version-history":[{"count":6,"href":"https:\/\/agora.xtec.cat\/cfasalvadordali\/wp-json\/wp\/v2\/posts\/2162\/revisions"}],"predecessor-version":[{"id":3533,"href":"https:\/\/agora.xtec.cat\/cfasalvadordali\/wp-json\/wp\/v2\/posts\/2162\/revisions\/3533"}],"wp:attachment":[{"href":"https:\/\/agora.xtec.cat\/cfasalvadordali\/wp-json\/wp\/v2\/media?parent=2162"}],"wp:term":[{"taxonomy":"category","embeddable":true,"href":"https:\/\/agora.xtec.cat\/cfasalvadordali\/wp-json\/wp\/v2\/categories?post=2162"},{"taxonomy":"post_tag","embeddable":true,"href":"https:\/\/agora.xtec.cat\/cfasalvadordali\/wp-json\/wp\/v2\/tags?post=2162"}],"curies":[{"name":"wp","href":"https:\/\/api.w.org\/{rel}","templated":true}]}}