{"id":2134,"date":"2023-06-19T12:21:47","date_gmt":"2023-06-19T10:21:47","guid":{"rendered":"https:\/\/agora.xtec.cat\/cfasalvadordali\/?p=2134"},"modified":"2025-02-18T12:21:01","modified_gmt":"2025-02-18T11:21:01","slug":"sortida-a-la-biblioteca","status":"publish","type":"post","link":"https:\/\/agora.xtec.cat\/cfasalvadordali\/general\/sortida-a-la-biblioteca\/","title":{"rendered":"SORTIDA A LA BIBLIOTECA"},"content":{"rendered":"<p>El passat dia 1 de juny, un grup d&#8217;alumnes de lleng\u00fces va fer una visita a la Biblioteca Roca Umbert de Granollers per tal de con\u00e8ixer els serveis que ofereix. La bibliotec\u00e0ria va ser molt amable, ens va ensenyar les instal\u00b7lacions i ens va fer una masterclass de com fer \u00fas d&#8217;aquesta entitat local. Vam anar caminant i, fins i tot, vam tenir temps de fer-li una volta al mercat. La veritat \u00e9s que ens ho vam passar molt b\u00e9.<\/p>\n<p><a href=\"https:\/\/agora.xtec.cat\/cfasalvadordali\/wp-content\/uploads\/usu363\/2023\/06\/IMG-20230601-WA0029.jpg\"><img loading=\"lazy\" decoding=\"async\" class=\"wp-image-2138 alignleft\" src=\"https:\/\/agora.xtec.cat\/cfasalvadordali\/wp-content\/uploads\/usu363\/2023\/06\/IMG-20230601-WA0029-1024x768.jpg\" alt=\"\" width=\"506\" height=\"379\" srcset=\"https:\/\/agora.xtec.cat\/cfasalvadordali\/wp-content\/uploads\/usu363\/2023\/06\/IMG-20230601-WA0029-1024x768.jpg 1024w, https:\/\/agora.xtec.cat\/cfasalvadordali\/wp-content\/uploads\/usu363\/2023\/06\/IMG-20230601-WA0029-300x225.jpg 300w, https:\/\/agora.xtec.cat\/cfasalvadordali\/wp-content\/uploads\/usu363\/2023\/06\/IMG-20230601-WA0029-768x576.jpg 768w, https:\/\/agora.xtec.cat\/cfasalvadordali\/wp-content\/uploads\/usu363\/2023\/06\/IMG-20230601-WA0029-1536x1152.jpg 1536w, https:\/\/agora.xtec.cat\/cfasalvadordali\/wp-content\/uploads\/usu363\/2023\/06\/IMG-20230601-WA0029-200x150.jpg 200w, https:\/\/agora.xtec.cat\/cfasalvadordali\/wp-content\/uploads\/usu363\/2023\/06\/IMG-20230601-WA0029.jpg 2000w\" sizes=\"auto, (max-width: 506px) 100vw, 506px\" \/><\/a><a href=\"https:\/\/agora.xtec.cat\/cfasalvadordali\/wp-content\/uploads\/usu363\/2023\/06\/IMG-20230603-WA0028-1-1.jpg\"><img loading=\"lazy\" decoding=\"async\" class=\"wp-image-2141 aligncenter\" src=\"https:\/\/agora.xtec.cat\/cfasalvadordali\/wp-content\/uploads\/usu363\/2023\/06\/IMG-20230603-WA0028-1-1-1024x765.jpg\" alt=\"\" width=\"506\" height=\"378\" srcset=\"https:\/\/agora.xtec.cat\/cfasalvadordali\/wp-content\/uploads\/usu363\/2023\/06\/IMG-20230603-WA0028-1-1-1024x765.jpg 1024w, https:\/\/agora.xtec.cat\/cfasalvadordali\/wp-content\/uploads\/usu363\/2023\/06\/IMG-20230603-WA0028-1-1-300x224.jpg 300w, https:\/\/agora.xtec.cat\/cfasalvadordali\/wp-content\/uploads\/usu363\/2023\/06\/IMG-20230603-WA0028-1-1-768x574.jpg 768w, https:\/\/agora.xtec.cat\/cfasalvadordali\/wp-content\/uploads\/usu363\/2023\/06\/IMG-20230603-WA0028-1-1-200x150.jpg 200w, https:\/\/agora.xtec.cat\/cfasalvadordali\/wp-content\/uploads\/usu363\/2023\/06\/IMG-20230603-WA0028-1-1.jpg 1296w\" sizes=\"auto, (max-width: 506px) 100vw, 506px\" \/><\/a><\/p>\n<p><a href=\"https:\/\/agora.xtec.cat\/cfasalvadordali\/wp-content\/uploads\/usu363\/2023\/06\/IMG-20230603-WA0024.jpg\"><img loading=\"lazy\" decoding=\"async\" class=\"wp-image-2136 alignleft\" src=\"https:\/\/agora.xtec.cat\/cfasalvadordali\/wp-content\/uploads\/usu363\/2023\/06\/IMG-20230603-WA0024-1024x768.jpg\" alt=\"\" width=\"488\" height=\"366\" srcset=\"https:\/\/agora.xtec.cat\/cfasalvadordali\/wp-content\/uploads\/usu363\/2023\/06\/IMG-20230603-WA0024-1024x768.jpg 1024w, https:\/\/agora.xtec.cat\/cfasalvadordali\/wp-content\/uploads\/usu363\/2023\/06\/IMG-20230603-WA0024-300x225.jpg 300w, https:\/\/agora.xtec.cat\/cfasalvadordali\/wp-content\/uploads\/usu363\/2023\/06\/IMG-20230603-WA0024-768x576.jpg 768w, https:\/\/agora.xtec.cat\/cfasalvadordali\/wp-content\/uploads\/usu363\/2023\/06\/IMG-20230603-WA0024-1536x1152.jpg 1536w, https:\/\/agora.xtec.cat\/cfasalvadordali\/wp-content\/uploads\/usu363\/2023\/06\/IMG-20230603-WA0024-200x150.jpg 200w, https:\/\/agora.xtec.cat\/cfasalvadordali\/wp-content\/uploads\/usu363\/2023\/06\/IMG-20230603-WA0024.jpg 1600w\" sizes=\"auto, (max-width: 488px) 100vw, 488px\" \/><\/a><\/p>\n","protected":false},"excerpt":{"rendered":"<p>El passat dia 1 de juny, un grup d&#8217;alumnes de lleng\u00fces va fer una visita a la Biblioteca Roca Umbert de Granollers per tal de con\u00e8ixer els serveis que ofereix. La bibliotec\u00e0ria va ser molt amable, ens va ensenyar les instal\u00b7lacions i ens va fer&hellip;  <a href=\"https:\/\/agora.xtec.cat\/cfasalvadordali\/general\/sortida-a-la-biblioteca\/\" title=\"Read SORTIDA A LA BIBLIOTECA\">Llegeix m\u00e9s\u00bb<\/a><\/p>\n","protected":false},"author":158,"featured_media":2136,"comment_status":"open","ping_status":"closed","sticky":false,"template":"","format":"standard","meta":{"_bbp_topic_count":0,"_bbp_reply_count":0,"_bbp_total_topic_count":0,"_bbp_total_reply_count":0,"_bbp_voice_count":0,"_bbp_anonymous_reply_count":0,"_bbp_topic_count_hidden":0,"_bbp_reply_count_hidden":0,"_bbp_forum_subforum_count":0,"footnotes":""},"categories":[1,29],"tags":[],"class_list":["post-2134","post","type-post","status-publish","format-standard","has-post-thumbnail","hentry","category-general","category-portada"],"post_mailing_queue_ids":[],"_links":{"self":[{"href":"https:\/\/agora.xtec.cat\/cfasalvadordali\/wp-json\/wp\/v2\/posts\/2134","targetHints":{"allow":["GET"]}}],"collection":[{"href":"https:\/\/agora.xtec.cat\/cfasalvadordali\/wp-json\/wp\/v2\/posts"}],"about":[{"href":"https:\/\/agora.xtec.cat\/cfasalvadordali\/wp-json\/wp\/v2\/types\/post"}],"author":[{"embeddable":true,"href":"https:\/\/agora.xtec.cat\/cfasalvadordali\/wp-json\/wp\/v2\/users\/158"}],"replies":[{"embeddable":true,"href":"https:\/\/agora.xtec.cat\/cfasalvadordali\/wp-json\/wp\/v2\/comments?post=2134"}],"version-history":[{"count":5,"href":"https:\/\/agora.xtec.cat\/cfasalvadordali\/wp-json\/wp\/v2\/posts\/2134\/revisions"}],"predecessor-version":[{"id":3532,"href":"https:\/\/agora.xtec.cat\/cfasalvadordali\/wp-json\/wp\/v2\/posts\/2134\/revisions\/3532"}],"wp:featuredmedia":[{"embeddable":true,"href":"https:\/\/agora.xtec.cat\/cfasalvadordali\/wp-json\/wp\/v2\/media\/2136"}],"wp:attachment":[{"href":"https:\/\/agora.xtec.cat\/cfasalvadordali\/wp-json\/wp\/v2\/media?parent=2134"}],"wp:term":[{"taxonomy":"category","embeddable":true,"href":"https:\/\/agora.xtec.cat\/cfasalvadordali\/wp-json\/wp\/v2\/categories?post=2134"},{"taxonomy":"post_tag","embeddable":true,"href":"https:\/\/agora.xtec.cat\/cfasalvadordali\/wp-json\/wp\/v2\/tags?post=2134"}],"curies":[{"name":"wp","href":"https:\/\/api.w.org\/{rel}","templated":true}]}}