{"id":2006,"date":"2023-05-17T17:48:51","date_gmt":"2023-05-17T15:48:51","guid":{"rendered":"https:\/\/agora.xtec.cat\/cfasalvadordali\/?p=2006"},"modified":"2025-02-18T12:17:01","modified_gmt":"2025-02-18T11:17:01","slug":"carta-oberta-al-cfa-alarona","status":"publish","type":"post","link":"https:\/\/agora.xtec.cat\/cfasalvadordali\/general\/carta-oberta-al-cfa-alarona\/","title":{"rendered":"CARTA OBERTA  AL CFA ALARONA"},"content":{"rendered":"<div>\n<p>Molt bona tarda a tots els docents del CFA Alarona,<\/p>\n<p>Escrivim aquesta carta en nom del centre educatiu CFA Salvador Dal\u00ed per donar-vos les gr\u00e0cies pel gran dia que ens vau fer passar dimarts passat.<\/p>\n<p>Volem remarcar que tots hem gaudit de les instal\u00b7lacions del vostre centre i del gran esmorzar que ens hav\u00edeu preparat. Tamb\u00e9 hem pogut disfrutar de la ruta que vam fer per la ciutat de Matar\u00f3, passejant per indrets de la seva gran hist\u00f2ria modernista. No oblidem, tampoc, el gran dinar a tocar de mar acompanyats de tots els docents de la vostra escola.<\/p>\n<p>Ens vam sentir molt acollits per tothom i va ser una jornada molt agradable.<\/p>\n<p>Moltes gr\u00e0cies i desitgem veure-us aviat.<\/p>\n<p>Grup d&#8217;alumnes del CFA Salvador Dal\u00ed<\/p>\n<\/div>\n<div><\/div>\n<div><a href=\"https:\/\/agora.xtec.cat\/cfasalvadordali\/wp-content\/uploads\/usu363\/2023\/05\/20171116_152122-scaled.jpg\"><img decoding=\"async\" loading=\"lazy\" class=\"alignnone wp-image-2007\" src=\"https:\/\/agora.xtec.cat\/cfasalvadordali\/wp-content\/uploads\/usu363\/2023\/05\/20171116_152122-1024x576.jpg\" alt=\"\" width=\"834\" height=\"469\" srcset=\"https:\/\/agora.xtec.cat\/cfasalvadordali\/wp-content\/uploads\/usu363\/2023\/05\/20171116_152122-1024x576.jpg 1024w, https:\/\/agora.xtec.cat\/cfasalvadordali\/wp-content\/uploads\/usu363\/2023\/05\/20171116_152122-300x169.jpg 300w, https:\/\/agora.xtec.cat\/cfasalvadordali\/wp-content\/uploads\/usu363\/2023\/05\/20171116_152122-768x432.jpg 768w, https:\/\/agora.xtec.cat\/cfasalvadordali\/wp-content\/uploads\/usu363\/2023\/05\/20171116_152122-1536x864.jpg 1536w, https:\/\/agora.xtec.cat\/cfasalvadordali\/wp-content\/uploads\/usu363\/2023\/05\/20171116_152122-2048x1152.jpg 2048w\" sizes=\"auto, (max-width: 834px) 100vw, 834px\" \/><\/a><\/div>\n","protected":false},"excerpt":{"rendered":"<p>Molt bona tarda a tots els docents del CFA Alarona,<br \/>\nEscrivim aquesta carta en nom del centre educatiu CFA Salvador Dal\u00ed per donar-vos les gr\u00e0cies pel gran dia que ens vau fer passar dimarts passat.<br \/>\nVolem remarcar que tots hem gaudit de les instal\u00b7lacions del vostre centre&hellip;  <a href=\"https:\/\/agora.xtec.cat\/cfasalvadordali\/general\/carta-oberta-al-cfa-alarona\/\" title=\"Read CARTA OBERTA  AL CFA ALARONA\">Llegeix m\u00e9s\u00bb<\/a><\/p>\n","protected":false},"author":158,"featured_media":2007,"comment_status":"open","ping_status":"closed","sticky":false,"template":"","format":"standard","meta":{"_bbp_topic_count":0,"_bbp_reply_count":0,"_bbp_total_topic_count":0,"_bbp_total_reply_count":0,"_bbp_voice_count":0,"_bbp_anonymous_reply_count":0,"_bbp_topic_count_hidden":0,"_bbp_reply_count_hidden":0,"_bbp_forum_subforum_count":0,"footnotes":""},"categories":[1,85,29],"tags":[],"class_list":["post-2006","post","type-post","status-publish","format-standard","has-post-thumbnail","hentry","category-general","category-geso","category-portada"],"post_mailing_queue_ids":[],"_links":{"self":[{"href":"https:\/\/agora.xtec.cat\/cfasalvadordali\/wp-json\/wp\/v2\/posts\/2006","targetHints":{"allow":["GET"]}}],"collection":[{"href":"https:\/\/agora.xtec.cat\/cfasalvadordali\/wp-json\/wp\/v2\/posts"}],"about":[{"href":"https:\/\/agora.xtec.cat\/cfasalvadordali\/wp-json\/wp\/v2\/types\/post"}],"author":[{"embeddable":true,"href":"https:\/\/agora.xtec.cat\/cfasalvadordali\/wp-json\/wp\/v2\/users\/158"}],"replies":[{"embeddable":true,"href":"https:\/\/agora.xtec.cat\/cfasalvadordali\/wp-json\/wp\/v2\/comments?post=2006"}],"version-history":[{"count":6,"href":"https:\/\/agora.xtec.cat\/cfasalvadordali\/wp-json\/wp\/v2\/posts\/2006\/revisions"}],"predecessor-version":[{"id":3520,"href":"https:\/\/agora.xtec.cat\/cfasalvadordali\/wp-json\/wp\/v2\/posts\/2006\/revisions\/3520"}],"wp:featuredmedia":[{"embeddable":true,"href":"https:\/\/agora.xtec.cat\/cfasalvadordali\/wp-json\/wp\/v2\/media\/2007"}],"wp:attachment":[{"href":"https:\/\/agora.xtec.cat\/cfasalvadordali\/wp-json\/wp\/v2\/media?parent=2006"}],"wp:term":[{"taxonomy":"category","embeddable":true,"href":"https:\/\/agora.xtec.cat\/cfasalvadordali\/wp-json\/wp\/v2\/categories?post=2006"},{"taxonomy":"post_tag","embeddable":true,"href":"https:\/\/agora.xtec.cat\/cfasalvadordali\/wp-json\/wp\/v2\/tags?post=2006"}],"curies":[{"name":"wp","href":"https:\/\/api.w.org\/{rel}","templated":true}]}}