{"id":1953,"date":"2023-04-22T17:00:11","date_gmt":"2023-04-22T15:00:11","guid":{"rendered":"https:\/\/agora.xtec.cat\/cfasalvadordali\/?p=1953"},"modified":"2023-04-22T17:00:11","modified_gmt":"2023-04-22T15:00:11","slug":"coneixent-les-guinees-africanes","status":"publish","type":"post","link":"https:\/\/agora.xtec.cat\/cfasalvadordali\/general\/coneixent-les-guinees-africanes\/","title":{"rendered":"CONEIXENT LES GUINEES AFRICANES"},"content":{"rendered":"<p>Des de l&#8217;equip de lleng\u00fces hem treballat amb els alumnes un projecte de Guinea per tal de visibilitzar pa\u00efsos d&#8217;origen del nostre alumnat. Tots hem apr\u00e8s quelcom nou de les Guinees africanes.<a href=\"https:\/\/agora.xtec.cat\/cfasalvadordali\/wp-content\/uploads\/usu363\/2023\/03\/IMG-20230330-WA0041.jpg\"><img loading=\"lazy\" decoding=\"async\" class=\"alignnone size-large wp-image-1955\" src=\"https:\/\/agora.xtec.cat\/cfasalvadordali\/wp-content\/uploads\/usu363\/2023\/03\/IMG-20230330-WA0041-1024x768.jpg\" alt=\"\" width=\"1024\" height=\"768\" srcset=\"https:\/\/agora.xtec.cat\/cfasalvadordali\/wp-content\/uploads\/usu363\/2023\/03\/IMG-20230330-WA0041-1024x768.jpg 1024w, https:\/\/agora.xtec.cat\/cfasalvadordali\/wp-content\/uploads\/usu363\/2023\/03\/IMG-20230330-WA0041-300x225.jpg 300w, https:\/\/agora.xtec.cat\/cfasalvadordali\/wp-content\/uploads\/usu363\/2023\/03\/IMG-20230330-WA0041-768x576.jpg 768w, https:\/\/agora.xtec.cat\/cfasalvadordali\/wp-content\/uploads\/usu363\/2023\/03\/IMG-20230330-WA0041-1536x1152.jpg 1536w, https:\/\/agora.xtec.cat\/cfasalvadordali\/wp-content\/uploads\/usu363\/2023\/03\/IMG-20230330-WA0041-200x150.jpg 200w, https:\/\/agora.xtec.cat\/cfasalvadordali\/wp-content\/uploads\/usu363\/2023\/03\/IMG-20230330-WA0041.jpg 1600w\" sizes=\"auto, (max-width: 1024px) 100vw, 1024px\" \/><\/a><\/p>\n","protected":false},"excerpt":{"rendered":"<p>Des de l&#8217;equip de lleng\u00fces hem treballat amb els alumnes un projecte de Guinea per tal de visibilitzar pa\u00efsos d&#8217;origen del nostre alumnat. Tots hem apr\u00e8s quelcom nou de les Guinees africanes.<a href=\"https:\/\/agora.xtec.cat\/cfasalvadordali\/wp-content\/uploads\/usu363\/2023\/03\/IMG-20230330-WA0041.jpg\"><\/a><\/p>\n","protected":false},"author":158,"featured_media":0,"comment_status":"open","ping_status":"closed","sticky":false,"template":"","format":"standard","meta":{"_bbp_topic_count":0,"_bbp_reply_count":0,"_bbp_total_topic_count":0,"_bbp_total_reply_count":0,"_bbp_voice_count":0,"_bbp_anonymous_reply_count":0,"_bbp_topic_count_hidden":0,"_bbp_reply_count_hidden":0,"_bbp_forum_subforum_count":0,"footnotes":""},"categories":[96,1,29],"tags":[],"class_list":["post-1953","post","type-post","status-publish","format-standard","hentry","category-activitats-culturals","category-general","category-portada"],"post_mailing_queue_ids":[],"_links":{"self":[{"href":"https:\/\/agora.xtec.cat\/cfasalvadordali\/wp-json\/wp\/v2\/posts\/1953","targetHints":{"allow":["GET"]}}],"collection":[{"href":"https:\/\/agora.xtec.cat\/cfasalvadordali\/wp-json\/wp\/v2\/posts"}],"about":[{"href":"https:\/\/agora.xtec.cat\/cfasalvadordali\/wp-json\/wp\/v2\/types\/post"}],"author":[{"embeddable":true,"href":"https:\/\/agora.xtec.cat\/cfasalvadordali\/wp-json\/wp\/v2\/users\/158"}],"replies":[{"embeddable":true,"href":"https:\/\/agora.xtec.cat\/cfasalvadordali\/wp-json\/wp\/v2\/comments?post=1953"}],"version-history":[{"count":1,"href":"https:\/\/agora.xtec.cat\/cfasalvadordali\/wp-json\/wp\/v2\/posts\/1953\/revisions"}],"predecessor-version":[{"id":1956,"href":"https:\/\/agora.xtec.cat\/cfasalvadordali\/wp-json\/wp\/v2\/posts\/1953\/revisions\/1956"}],"wp:attachment":[{"href":"https:\/\/agora.xtec.cat\/cfasalvadordali\/wp-json\/wp\/v2\/media?parent=1953"}],"wp:term":[{"taxonomy":"category","embeddable":true,"href":"https:\/\/agora.xtec.cat\/cfasalvadordali\/wp-json\/wp\/v2\/categories?post=1953"},{"taxonomy":"post_tag","embeddable":true,"href":"https:\/\/agora.xtec.cat\/cfasalvadordali\/wp-json\/wp\/v2\/tags?post=1953"}],"curies":[{"name":"wp","href":"https:\/\/api.w.org\/{rel}","templated":true}]}}