{"id":1942,"date":"2023-03-30T11:11:44","date_gmt":"2023-03-30T09:11:44","guid":{"rendered":"https:\/\/agora.xtec.cat\/cfasalvadordali\/?p=1942"},"modified":"2023-03-31T12:09:43","modified_gmt":"2023-03-31T10:09:43","slug":"poesia-com-a-eina-de-transformacio-el-gust-per-la-lectura-2","status":"publish","type":"post","link":"https:\/\/agora.xtec.cat\/cfasalvadordali\/portada\/poesia-com-a-eina-de-transformacio-el-gust-per-la-lectura-2\/","title":{"rendered":"POESIA COM A EINA DE TRANSFORMACI\u00d3. EL GUST PER LA LECTURA"},"content":{"rendered":"<p><iframe loading=\"lazy\" title=\"Versos d&#039;oblit - Bruixa de dol. CFA Salvador Dali\u0301\" width=\"500\" height=\"281\" src=\"https:\/\/www.youtube.com\/embed\/Ktq25sPsq3s?feature=oembed\" frameborder=\"0\" allow=\"accelerometer; autoplay; clipboard-write; encrypted-media; gyroscope; picture-in-picture; web-share\" referrerpolicy=\"strict-origin-when-cross-origin\" allowfullscreen><\/iframe><\/p>\n<h5 style=\"text-align: left;\"><span style=\"color: #000000;\">En el marc del XXVIII Concurs El Gust per la Lectura del Departament d&#8217;Educaci\u00f3, dos alumnes del CFA Salvador Dal\u00ed, el Txema i l&#8217;Andr\u00e9s Josu\u00e9, han llegit el llibre &#8216;Bruixa de dol&#8217; de l&#8217;escriptora catalana Maria Merc\u00e8 Mar\u00e7al.<\/span><\/h5>\n<h5><\/h5>\n<h5 style=\"text-align: left;\"><span style=\"color: #000000;\">Despr\u00e9s de treballar la lectura a l&#8217;aula, amb el David C. com a docent responsable, han elaborat el gui\u00f3 d&#8217;un v\u00eddeo que ha estat realitzat i editat per l&#8217;Anna M. El present treball audiovisual reflexiona sobre la import\u00e0ncia de la poesia com a eina de transformaci\u00f3, desgrana les tem\u00e0tiques que apareixen a Bruixa de dol, ens familiaritza amb la veu de l&#8217;escriptora, tot incorporant fragments de poesies recitades per l&#8217;autora, genera nova literatura a partir de la reorganitzaci\u00f3 de versos del llibre de Maria Merc\u00e8 Mar\u00e7al i ens apropa a la realitat, la veu i la identitat dels nostres alumnes amb un poema de creaci\u00f3 pr\u00f2pia escrit a quatre mans.<\/span><\/h5>\n<h5><\/h5>\n<h5 style=\"text-align: left;\"><span style=\"color: #000000;\">El v\u00eddeo, travessat pel context de l&#8217;alumnat, est\u00e0 dedicat a les v\u00edctimes de l&#8217;espera.<\/span><\/h5>\n<h5><\/h5>\n<p>&nbsp;<\/p>\n<h5><span style=\"color: #000000;\">T\u00edtol: Versos d&#8217;oblit.<\/span><\/h5>\n<h5><span style=\"color: #000000;\">Alumnes participants: Txema i Andr\u00e9s Josu\u00e9.<\/span><\/h5>\n<h5><span style=\"color: #000000;\">Categoria: F<\/span><\/h5>\n<h5><span style=\"color: #000000;\">Modalitat: F1<\/span><\/h5>\n","protected":false},"excerpt":{"rendered":"<p>En el marc del XXVIII Concurs El Gust per la Lectura del Departament d&#8217;Educaci\u00f3, dos alumnes del CFA Salvador Dal\u00ed, el Txema i l&#8217;Andr\u00e9s Josu\u00e9, han llegit el llibre &#8216;Bruixa de dol&#8217; de l&#8217;escriptora catalana Maria Merc\u00e8 Mar\u00e7al.<\/p>\n<p>Despr\u00e9s de treballar la lectura a l&#8217;aula, amb&hellip;  <a href=\"https:\/\/agora.xtec.cat\/cfasalvadordali\/portada\/poesia-com-a-eina-de-transformacio-el-gust-per-la-lectura-2\/\" title=\"Read POESIA COM A EINA DE TRANSFORMACI\u00d3. EL GUST PER LA LECTURA\">Llegeix m\u00e9s\u00bb<\/a><\/p>\n","protected":false},"author":54,"featured_media":1943,"comment_status":"open","ping_status":"closed","sticky":false,"template":"","format":"standard","meta":{"_bbp_topic_count":0,"_bbp_reply_count":0,"_bbp_total_topic_count":0,"_bbp_total_reply_count":0,"_bbp_voice_count":0,"_bbp_anonymous_reply_count":0,"_bbp_topic_count_hidden":0,"_bbp_reply_count_hidden":0,"_bbp_forum_subforum_count":0,"footnotes":""},"categories":[96,86,85,29],"tags":[],"class_list":["post-1942","post","type-post","status-publish","format-standard","has-post-thumbnail","hentry","category-activitats-culturals","category-ges2","category-geso","category-portada"],"post_mailing_queue_ids":[],"_links":{"self":[{"href":"https:\/\/agora.xtec.cat\/cfasalvadordali\/wp-json\/wp\/v2\/posts\/1942","targetHints":{"allow":["GET"]}}],"collection":[{"href":"https:\/\/agora.xtec.cat\/cfasalvadordali\/wp-json\/wp\/v2\/posts"}],"about":[{"href":"https:\/\/agora.xtec.cat\/cfasalvadordali\/wp-json\/wp\/v2\/types\/post"}],"author":[{"embeddable":true,"href":"https:\/\/agora.xtec.cat\/cfasalvadordali\/wp-json\/wp\/v2\/users\/54"}],"replies":[{"embeddable":true,"href":"https:\/\/agora.xtec.cat\/cfasalvadordali\/wp-json\/wp\/v2\/comments?post=1942"}],"version-history":[{"count":2,"href":"https:\/\/agora.xtec.cat\/cfasalvadordali\/wp-json\/wp\/v2\/posts\/1942\/revisions"}],"predecessor-version":[{"id":1952,"href":"https:\/\/agora.xtec.cat\/cfasalvadordali\/wp-json\/wp\/v2\/posts\/1942\/revisions\/1952"}],"wp:featuredmedia":[{"embeddable":true,"href":"https:\/\/agora.xtec.cat\/cfasalvadordali\/wp-json\/wp\/v2\/media\/1943"}],"wp:attachment":[{"href":"https:\/\/agora.xtec.cat\/cfasalvadordali\/wp-json\/wp\/v2\/media?parent=1942"}],"wp:term":[{"taxonomy":"category","embeddable":true,"href":"https:\/\/agora.xtec.cat\/cfasalvadordali\/wp-json\/wp\/v2\/categories?post=1942"},{"taxonomy":"post_tag","embeddable":true,"href":"https:\/\/agora.xtec.cat\/cfasalvadordali\/wp-json\/wp\/v2\/tags?post=1942"}],"curies":[{"name":"wp","href":"https:\/\/api.w.org\/{rel}","templated":true}]}}