{"id":1915,"date":"2023-03-25T08:21:09","date_gmt":"2023-03-25T07:21:09","guid":{"rendered":"https:\/\/agora.xtec.cat\/cfasalvadordali\/?p=1915"},"modified":"2025-02-18T12:15:31","modified_gmt":"2025-02-18T11:15:31","slug":"els-alumnes-de-fi-3-estan-on-fire","status":"publish","type":"post","link":"https:\/\/agora.xtec.cat\/cfasalvadordali\/portada\/els-alumnes-de-fi-3-estan-on-fire\/","title":{"rendered":"PROJECTE DEL COS HUM\u00c0. ELS ALUMNES DE FI 3 ESTAN ON FIRE!"},"content":{"rendered":"<p>Hem rebut la visita de dues mestres d&#8217;una escola d&#8217;educaci\u00f3 especial. Han vingut per a recollir un conjunt de materials did\u00e0ctics relacionats amb el cos hum\u00e0 que hem creat durant el darrer mes. Els hem preparat amb molta il\u00b7lusi\u00f3 per tal que el puguin utilitzar amb el seu alumnat. A m\u00e9s, hem realitzat una petita exposici\u00f3 amb tot all\u00f2 que hem apr\u00e8s. Espe<a href=\"https:\/\/agora.xtec.cat\/cfasalvadordali\/wp-content\/uploads\/usu363\/2023\/03\/WhatsApp-Image-2023-03-25-at-08.04.34.jpeg\"><img decoding=\"async\" loading=\"lazy\" class=\"wp-image-1918 size-medium alignleft\" src=\"https:\/\/agora.xtec.cat\/cfasalvadordali\/wp-content\/uploads\/usu363\/2023\/03\/WhatsApp-Image-2023-03-25-at-08.04.34-300x225.jpeg\" alt=\"\" width=\"300\" height=\"225\" srcset=\"https:\/\/agora.xtec.cat\/cfasalvadordali\/wp-content\/uploads\/usu363\/2023\/03\/WhatsApp-Image-2023-03-25-at-08.04.34-300x225.jpeg 300w, https:\/\/agora.xtec.cat\/cfasalvadordali\/wp-content\/uploads\/usu363\/2023\/03\/WhatsApp-Image-2023-03-25-at-08.04.34-1024x768.jpeg 1024w, https:\/\/agora.xtec.cat\/cfasalvadordali\/wp-content\/uploads\/usu363\/2023\/03\/WhatsApp-Image-2023-03-25-at-08.04.34-768x576.jpeg 768w, https:\/\/agora.xtec.cat\/cfasalvadordali\/wp-content\/uploads\/usu363\/2023\/03\/WhatsApp-Image-2023-03-25-at-08.04.34-1536x1152.jpeg 1536w, https:\/\/agora.xtec.cat\/cfasalvadordali\/wp-content\/uploads\/usu363\/2023\/03\/WhatsApp-Image-2023-03-25-at-08.04.34-200x150.jpeg 200w, https:\/\/agora.xtec.cat\/cfasalvadordali\/wp-content\/uploads\/usu363\/2023\/03\/WhatsApp-Image-2023-03-25-at-08.04.34.jpeg 2048w\" sizes=\"auto, (max-width: 300px) 100vw, 300px\" \/><\/a>rem que us sigui de molta utilitat!<\/p>\n","protected":false},"excerpt":{"rendered":"<p>Hem rebut la visita de dues mestres d&#8217;una escola d&#8217;educaci\u00f3 especial. Han vingut per a recollir un conjunt de materials did\u00e0ctics relacionats amb el cos hum\u00e0 que hem creat durant el darrer mes. Els hem preparat amb molta il\u00b7lusi\u00f3 per tal que el puguin utilitzar&hellip;  <a href=\"https:\/\/agora.xtec.cat\/cfasalvadordali\/portada\/els-alumnes-de-fi-3-estan-on-fire\/\" title=\"Read PROJECTE DEL COS HUM\u00c0. ELS ALUMNES DE FI 3 ESTAN ON FIRE!\">Llegeix m\u00e9s\u00bb<\/a><\/p>\n","protected":false},"author":54,"featured_media":0,"comment_status":"open","ping_status":"closed","sticky":false,"template":"","format":"standard","meta":{"_bbp_topic_count":0,"_bbp_reply_count":0,"_bbp_total_topic_count":0,"_bbp_total_reply_count":0,"_bbp_voice_count":0,"_bbp_anonymous_reply_count":0,"_bbp_topic_count_hidden":0,"_bbp_reply_count_hidden":0,"_bbp_forum_subforum_count":0,"footnotes":""},"categories":[95,29],"tags":[],"class_list":["post-1915","post","type-post","status-publish","format-standard","hentry","category-fi3","category-portada"],"post_mailing_queue_ids":[],"_links":{"self":[{"href":"https:\/\/agora.xtec.cat\/cfasalvadordali\/wp-json\/wp\/v2\/posts\/1915","targetHints":{"allow":["GET"]}}],"collection":[{"href":"https:\/\/agora.xtec.cat\/cfasalvadordali\/wp-json\/wp\/v2\/posts"}],"about":[{"href":"https:\/\/agora.xtec.cat\/cfasalvadordali\/wp-json\/wp\/v2\/types\/post"}],"author":[{"embeddable":true,"href":"https:\/\/agora.xtec.cat\/cfasalvadordali\/wp-json\/wp\/v2\/users\/54"}],"replies":[{"embeddable":true,"href":"https:\/\/agora.xtec.cat\/cfasalvadordali\/wp-json\/wp\/v2\/comments?post=1915"}],"version-history":[{"count":6,"href":"https:\/\/agora.xtec.cat\/cfasalvadordali\/wp-json\/wp\/v2\/posts\/1915\/revisions"}],"predecessor-version":[{"id":3514,"href":"https:\/\/agora.xtec.cat\/cfasalvadordali\/wp-json\/wp\/v2\/posts\/1915\/revisions\/3514"}],"wp:attachment":[{"href":"https:\/\/agora.xtec.cat\/cfasalvadordali\/wp-json\/wp\/v2\/media?parent=1915"}],"wp:term":[{"taxonomy":"category","embeddable":true,"href":"https:\/\/agora.xtec.cat\/cfasalvadordali\/wp-json\/wp\/v2\/categories?post=1915"},{"taxonomy":"post_tag","embeddable":true,"href":"https:\/\/agora.xtec.cat\/cfasalvadordali\/wp-json\/wp\/v2\/tags?post=1915"}],"curies":[{"name":"wp","href":"https:\/\/api.w.org\/{rel}","templated":true}]}}