{"id":1856,"date":"2023-01-17T21:03:07","date_gmt":"2023-01-17T20:03:07","guid":{"rendered":"https:\/\/agora.xtec.cat\/cfasalvadordali\/?p=1856"},"modified":"2025-02-18T12:15:07","modified_gmt":"2025-02-18T11:15:07","slug":"sortida-al-crarc","status":"publish","type":"post","link":"https:\/\/agora.xtec.cat\/cfasalvadordali\/general\/sortida-al-crarc\/","title":{"rendered":"SORTIDA AL CRARC"},"content":{"rendered":"<p>El 17 de gener l\u2019alumnat del DAE del CFA Salvador Dal\u00ed ha fet una sortida al CRARC (Centre de recuperaci\u00f3 d\u2019amfibis i r\u00e8ptils de Catalunya) a Masquefa. Els professionals del centre treballen per la conservaci\u00f3 de la fauna salvatge i per transmetre un missatge de coneixement i respecte per un grup faun\u00edstic massa sovint culturalment menystingut. L\u2019alumnat ha gaudit molt l\u2019experi\u00e8ncia mostrant molta sensibilitat vers aquests animals i n\u2019ha <a href=\"https:\/\/agora.xtec.cat\/cfasalvadordali\/wp-content\/uploads\/usu363\/2023\/01\/cracr3.jpg\"><img decoding=\"async\" loading=\"lazy\" class=\"alignright wp-image-1859 size-medium\" src=\"https:\/\/agora.xtec.cat\/cfasalvadordali\/wp-content\/uploads\/usu363\/2023\/01\/cracr3-225x300.jpg\" alt=\"\" width=\"225\" height=\"300\" srcset=\"https:\/\/agora.xtec.cat\/cfasalvadordali\/wp-content\/uploads\/usu363\/2023\/01\/cracr3-225x300.jpg 225w, https:\/\/agora.xtec.cat\/cfasalvadordali\/wp-content\/uploads\/usu363\/2023\/01\/cracr3.jpg 623w\" sizes=\"auto, (max-width: 225px) 100vw, 225px\" \/><\/a>apr\u00e8s aspectes sobre els seus costums i h\u00e0bitats.<a href=\"https:\/\/agora.xtec.cat\/cfasalvadordali\/wp-content\/uploads\/usu363\/2023\/01\/cracr2.jpg\"><img decoding=\"async\" loading=\"lazy\" class=\"alignleft wp-image-1860 size-medium\" src=\"https:\/\/agora.xtec.cat\/cfasalvadordali\/wp-content\/uploads\/usu363\/2023\/01\/cracr2-225x300.jpg\" alt=\"\" width=\"225\" height=\"300\" srcset=\"https:\/\/agora.xtec.cat\/cfasalvadordali\/wp-content\/uploads\/usu363\/2023\/01\/cracr2-225x300.jpg 225w, https:\/\/agora.xtec.cat\/cfasalvadordali\/wp-content\/uploads\/usu363\/2023\/01\/cracr2.jpg 632w\" sizes=\"auto, (max-width: 225px) 100vw, 225px\" \/><\/a><a href=\"https:\/\/agora.xtec.cat\/cfasalvadordali\/wp-content\/uploads\/usu363\/2023\/01\/crarc-1.png\"><img decoding=\"async\" loading=\"lazy\" class=\"aligncenter wp-image-1861 size-medium\" src=\"https:\/\/agora.xtec.cat\/cfasalvadordali\/wp-content\/uploads\/usu363\/2023\/01\/crarc-1-224x300.png\" alt=\"\" width=\"224\" height=\"300\" srcset=\"https:\/\/agora.xtec.cat\/cfasalvadordali\/wp-content\/uploads\/usu363\/2023\/01\/crarc-1-224x300.png 224w, https:\/\/agora.xtec.cat\/cfasalvadordali\/wp-content\/uploads\/usu363\/2023\/01\/crarc-1.png 631w\" sizes=\"auto, (max-width: 224px) 100vw, 224px\" \/><\/a><\/p>\n","protected":false},"excerpt":{"rendered":"<p>El 17 de gener l\u2019alumnat del DAE del CFA Salvador Dal\u00ed ha fet una sortida al CRARC (Centre de recuperaci\u00f3 d\u2019amfibis i r\u00e8ptils de Catalunya) a Masquefa. Els professionals del centre treballen per la conservaci\u00f3 de la fauna salvatge i per transmetre un missatge de&hellip;  <a href=\"https:\/\/agora.xtec.cat\/cfasalvadordali\/general\/sortida-al-crarc\/\" title=\"Read SORTIDA AL CRARC\">Llegeix m\u00e9s\u00bb<\/a><\/p>\n","protected":false},"author":54,"featured_media":1857,"comment_status":"open","ping_status":"closed","sticky":false,"template":"","format":"standard","meta":{"_bbp_topic_count":0,"_bbp_reply_count":0,"_bbp_total_topic_count":0,"_bbp_total_reply_count":0,"_bbp_voice_count":0,"_bbp_anonymous_reply_count":0,"_bbp_topic_count_hidden":0,"_bbp_reply_count_hidden":0,"_bbp_forum_subforum_count":0,"footnotes":""},"categories":[96,1,29],"tags":[],"class_list":["post-1856","post","type-post","status-publish","format-standard","has-post-thumbnail","hentry","category-activitats-culturals","category-general","category-portada"],"post_mailing_queue_ids":[],"_links":{"self":[{"href":"https:\/\/agora.xtec.cat\/cfasalvadordali\/wp-json\/wp\/v2\/posts\/1856","targetHints":{"allow":["GET"]}}],"collection":[{"href":"https:\/\/agora.xtec.cat\/cfasalvadordali\/wp-json\/wp\/v2\/posts"}],"about":[{"href":"https:\/\/agora.xtec.cat\/cfasalvadordali\/wp-json\/wp\/v2\/types\/post"}],"author":[{"embeddable":true,"href":"https:\/\/agora.xtec.cat\/cfasalvadordali\/wp-json\/wp\/v2\/users\/54"}],"replies":[{"embeddable":true,"href":"https:\/\/agora.xtec.cat\/cfasalvadordali\/wp-json\/wp\/v2\/comments?post=1856"}],"version-history":[{"count":6,"href":"https:\/\/agora.xtec.cat\/cfasalvadordali\/wp-json\/wp\/v2\/posts\/1856\/revisions"}],"predecessor-version":[{"id":3512,"href":"https:\/\/agora.xtec.cat\/cfasalvadordali\/wp-json\/wp\/v2\/posts\/1856\/revisions\/3512"}],"wp:featuredmedia":[{"embeddable":true,"href":"https:\/\/agora.xtec.cat\/cfasalvadordali\/wp-json\/wp\/v2\/media\/1857"}],"wp:attachment":[{"href":"https:\/\/agora.xtec.cat\/cfasalvadordali\/wp-json\/wp\/v2\/media?parent=1856"}],"wp:term":[{"taxonomy":"category","embeddable":true,"href":"https:\/\/agora.xtec.cat\/cfasalvadordali\/wp-json\/wp\/v2\/categories?post=1856"},{"taxonomy":"post_tag","embeddable":true,"href":"https:\/\/agora.xtec.cat\/cfasalvadordali\/wp-json\/wp\/v2\/tags?post=1856"}],"curies":[{"name":"wp","href":"https:\/\/api.w.org\/{rel}","templated":true}]}}