{"id":1836,"date":"2022-12-04T20:18:15","date_gmt":"2022-12-04T19:18:15","guid":{"rendered":"https:\/\/agora.xtec.cat\/cfasalvadordali\/?p=1836"},"modified":"2025-02-18T12:14:39","modified_gmt":"2025-02-18T11:14:39","slug":"xerrada-sobre-la-salut-reproductiva","status":"publish","type":"post","link":"https:\/\/agora.xtec.cat\/cfasalvadordali\/portada\/xerrada-sobre-la-salut-reproductiva\/","title":{"rendered":"XERRADA SOBRE LA SALUT REPRODUCTIVA"},"content":{"rendered":"<figure class=\"figure wp-caption alignright\"><a href=\"https:\/\/agora.xtec.cat\/cfasalvadordali\/wp-content\/uploads\/usu363\/2022\/12\/TINA.jpg\"><img decoding=\"async\" loading=\"lazy\" class=\"wp-image-1837 size-full\" src=\"https:\/\/agora.xtec.cat\/cfasalvadordali\/wp-content\/uploads\/usu363\/2022\/12\/TINA.jpg\" alt=\"\" width=\"250\" height=\"250\" srcset=\"https:\/\/agora.xtec.cat\/cfasalvadordali\/wp-content\/uploads\/usu363\/2022\/12\/TINA.jpg 250w, https:\/\/agora.xtec.cat\/cfasalvadordali\/wp-content\/uploads\/usu363\/2022\/12\/TINA-150x150.jpg 150w\" sizes=\"auto, (max-width: 250px) 100vw, 250px\" \/><\/a><figcaption class=\"wp-caption-text\"><strong>Tina Puig. Independent Consultant on Reproductive Health and Rights<\/strong><\/figcaption><\/figure>\n<p>La poblaci\u00f3 mundial ha arribat ja a 8.000 milions. Creus que aquest creixement poblacional \u00e9s un problema? O no? Es un problema per tots els pa\u00efsos per igual? Qu\u00e8 et sembla que es podria fer si volgu\u00e9ssim frenar el creixement poblacional? Saps qu\u00e8 \u00e9s la pol\u00edtica del fill \u00fanic que durant anys van aplicar a la Xina?<\/p>\n<p>Per donar resposta a aquest repte poblacional i de sostenibilitat, fa molts anys els governs de quasi tot el mon, es van posar d\u2019acord\u00a0 en una idea: protegir els \u201cdrets reproductius\u201d.\u00a0 Segurament saps qu\u00e8 son, encara que no t\u2019ho sembli. Vegem:\u00a0 sabries dir&#8230;<\/p>\n<p><em>Un dret reproductiu que tu tens? \u00a0Un dret reproductiu que t\u00e9 la teva mare? Un dret reproductiu que del que no pots gaudir ara, per estar privat de llibertat?<\/em><\/p>\n<p>El proper 12 de desembre la Tina Puig, consultora Independent\u00a0 sobre salut reproductiva, ens visitar\u00e0 i parlar\u00e0 amb els alumnes de GESO de l&#8217;escola sobre els drets reproductius i els reptes poblacionals del segle XXI.<\/p>\n","protected":false},"excerpt":{"rendered":"<p><a href=\"https:\/\/agora.xtec.cat\/cfasalvadordali\/wp-content\/uploads\/usu363\/2022\/12\/TINA.jpg\"><\/a>Tina Puig. Independent Consultant on Reproductive Health and Rights<br \/>\nLa poblaci\u00f3 mundial ha arribat ja a 8.000 milions. Creus que aquest creixement poblacional \u00e9s un problema? O no? Es un problema per tots els pa\u00efsos per igual? Qu\u00e8 et sembla que es podria fer si&hellip;  <a href=\"https:\/\/agora.xtec.cat\/cfasalvadordali\/portada\/xerrada-sobre-la-salut-reproductiva\/\" title=\"Read XERRADA SOBRE LA SALUT REPRODUCTIVA\">Llegeix m\u00e9s\u00bb<\/a><\/p>\n","protected":false},"author":54,"featured_media":0,"comment_status":"open","ping_status":"closed","sticky":false,"template":"","format":"standard","meta":{"_bbp_topic_count":0,"_bbp_reply_count":0,"_bbp_total_topic_count":0,"_bbp_total_reply_count":0,"_bbp_voice_count":0,"_bbp_anonymous_reply_count":0,"_bbp_topic_count_hidden":0,"_bbp_reply_count_hidden":0,"_bbp_forum_subforum_count":0,"footnotes":""},"categories":[96,84,86,85,29],"tags":[],"class_list":["post-1836","post","type-post","status-publish","format-standard","hentry","category-activitats-culturals","category-ges1","category-ges2","category-geso","category-portada"],"post_mailing_queue_ids":[],"_links":{"self":[{"href":"https:\/\/agora.xtec.cat\/cfasalvadordali\/wp-json\/wp\/v2\/posts\/1836","targetHints":{"allow":["GET"]}}],"collection":[{"href":"https:\/\/agora.xtec.cat\/cfasalvadordali\/wp-json\/wp\/v2\/posts"}],"about":[{"href":"https:\/\/agora.xtec.cat\/cfasalvadordali\/wp-json\/wp\/v2\/types\/post"}],"author":[{"embeddable":true,"href":"https:\/\/agora.xtec.cat\/cfasalvadordali\/wp-json\/wp\/v2\/users\/54"}],"replies":[{"embeddable":true,"href":"https:\/\/agora.xtec.cat\/cfasalvadordali\/wp-json\/wp\/v2\/comments?post=1836"}],"version-history":[{"count":6,"href":"https:\/\/agora.xtec.cat\/cfasalvadordali\/wp-json\/wp\/v2\/posts\/1836\/revisions"}],"predecessor-version":[{"id":3510,"href":"https:\/\/agora.xtec.cat\/cfasalvadordali\/wp-json\/wp\/v2\/posts\/1836\/revisions\/3510"}],"wp:attachment":[{"href":"https:\/\/agora.xtec.cat\/cfasalvadordali\/wp-json\/wp\/v2\/media?parent=1836"}],"wp:term":[{"taxonomy":"category","embeddable":true,"href":"https:\/\/agora.xtec.cat\/cfasalvadordali\/wp-json\/wp\/v2\/categories?post=1836"},{"taxonomy":"post_tag","embeddable":true,"href":"https:\/\/agora.xtec.cat\/cfasalvadordali\/wp-json\/wp\/v2\/tags?post=1836"}],"curies":[{"name":"wp","href":"https:\/\/api.w.org\/{rel}","templated":true}]}}