{"id":1828,"date":"2022-11-21T09:39:27","date_gmt":"2022-11-21T08:39:27","guid":{"rendered":"https:\/\/agora.xtec.cat\/cfasalvadordali\/?p=1828"},"modified":"2025-02-18T12:14:27","modified_gmt":"2025-02-18T11:14:27","slug":"setmana-de-la-convivencia","status":"publish","type":"post","link":"https:\/\/agora.xtec.cat\/cfasalvadordali\/general\/setmana-de-la-convivencia\/","title":{"rendered":"SETMANA DE LA CONVIV\u00c8NCIA"},"content":{"rendered":"<p>Engeguem la primera edici\u00f3 de la setmana de la conviv\u00e8ncia al\u00a0<span class=\"hiddenSpellError\">CFA<\/span>\u00a0Salvador Dal\u00ed que neix amb l&#8217;objectiu de presentar el Projecte de conviv\u00e8ncia de l&#8217;escola i promoure el\u00a0benestar de\u00a0totes i tots els membres de la comunitat educativa. Al llarg de la setmana hi ha previstes un munt d&#8217;activitats i comptem amb la col\u00b7laboraci\u00f3 de\u00a0<span class=\"hiddenSpellError\">CEPAIM<\/span> i ES-MEDIACI\u00d3.<\/p>\n<p><a href=\"https:\/\/agora.xtec.cat\/cfasalvadordali\/wp-content\/uploads\/usu363\/2022\/11\/Captura.png\"><img decoding=\"async\" loading=\"lazy\" class=\"aligncenter size-full wp-image-1830\" src=\"https:\/\/agora.xtec.cat\/cfasalvadordali\/wp-content\/uploads\/usu363\/2022\/11\/Captura.png\" alt=\"\" width=\"392\" height=\"551\" srcset=\"https:\/\/agora.xtec.cat\/cfasalvadordali\/wp-content\/uploads\/usu363\/2022\/11\/Captura.png 392w, https:\/\/agora.xtec.cat\/cfasalvadordali\/wp-content\/uploads\/usu363\/2022\/11\/Captura-213x300.png 213w\" sizes=\"auto, (max-width: 392px) 100vw, 392px\" \/><\/a><\/p>\n","protected":false},"excerpt":{"rendered":"<p>Engeguem la primera edici\u00f3 de la setmana de la conviv\u00e8ncia al\u00a0CFA\u00a0Salvador Dal\u00ed que neix amb l&#8217;objectiu de presentar el Projecte de conviv\u00e8ncia de l&#8217;escola i promoure el\u00a0benestar de\u00a0totes i tots els membres de la comunitat educativa. Al llarg de la setmana hi ha previstes un&hellip;  <a href=\"https:\/\/agora.xtec.cat\/cfasalvadordali\/general\/setmana-de-la-convivencia\/\" title=\"Read SETMANA DE LA CONVIV\u00c8NCIA\">Llegeix m\u00e9s\u00bb<\/a><\/p>\n","protected":false},"author":54,"featured_media":1830,"comment_status":"open","ping_status":"closed","sticky":false,"template":"","format":"standard","meta":{"_bbp_topic_count":0,"_bbp_reply_count":0,"_bbp_total_topic_count":0,"_bbp_total_reply_count":0,"_bbp_voice_count":0,"_bbp_anonymous_reply_count":0,"_bbp_topic_count_hidden":0,"_bbp_reply_count_hidden":0,"_bbp_forum_subforum_count":0,"footnotes":""},"categories":[1,29],"tags":[],"class_list":["post-1828","post","type-post","status-publish","format-standard","has-post-thumbnail","hentry","category-general","category-portada"],"post_mailing_queue_ids":[],"_links":{"self":[{"href":"https:\/\/agora.xtec.cat\/cfasalvadordali\/wp-json\/wp\/v2\/posts\/1828","targetHints":{"allow":["GET"]}}],"collection":[{"href":"https:\/\/agora.xtec.cat\/cfasalvadordali\/wp-json\/wp\/v2\/posts"}],"about":[{"href":"https:\/\/agora.xtec.cat\/cfasalvadordali\/wp-json\/wp\/v2\/types\/post"}],"author":[{"embeddable":true,"href":"https:\/\/agora.xtec.cat\/cfasalvadordali\/wp-json\/wp\/v2\/users\/54"}],"replies":[{"embeddable":true,"href":"https:\/\/agora.xtec.cat\/cfasalvadordali\/wp-json\/wp\/v2\/comments?post=1828"}],"version-history":[{"count":6,"href":"https:\/\/agora.xtec.cat\/cfasalvadordali\/wp-json\/wp\/v2\/posts\/1828\/revisions"}],"predecessor-version":[{"id":3509,"href":"https:\/\/agora.xtec.cat\/cfasalvadordali\/wp-json\/wp\/v2\/posts\/1828\/revisions\/3509"}],"wp:featuredmedia":[{"embeddable":true,"href":"https:\/\/agora.xtec.cat\/cfasalvadordali\/wp-json\/wp\/v2\/media\/1830"}],"wp:attachment":[{"href":"https:\/\/agora.xtec.cat\/cfasalvadordali\/wp-json\/wp\/v2\/media?parent=1828"}],"wp:term":[{"taxonomy":"category","embeddable":true,"href":"https:\/\/agora.xtec.cat\/cfasalvadordali\/wp-json\/wp\/v2\/categories?post=1828"},{"taxonomy":"post_tag","embeddable":true,"href":"https:\/\/agora.xtec.cat\/cfasalvadordali\/wp-json\/wp\/v2\/tags?post=1828"}],"curies":[{"name":"wp","href":"https:\/\/api.w.org\/{rel}","templated":true}]}}