{"id":1809,"date":"2022-11-11T12:05:41","date_gmt":"2022-11-11T11:05:41","guid":{"rendered":"https:\/\/agora.xtec.cat\/cfasalvadordali\/?p=1809"},"modified":"2025-02-18T12:14:02","modified_gmt":"2025-02-18T11:14:02","slug":"estrenem-mural-a-lescola","status":"publish","type":"post","link":"https:\/\/agora.xtec.cat\/cfasalvadordali\/general\/estrenem-mural-a-lescola\/","title":{"rendered":"ESTRENEM MURAL A L&#8217;ESCOLA"},"content":{"rendered":"<p>Aquesta setmana estrenem el mural de benvinguda a l&#8217;\u00c0rea Educativa, L&#8217;Eva n&#8217;\u00e9s la creadora i ha sabut copsar com ning\u00fa l&#8217;esperit del nostre alumnat.<br \/>\n<img decoding=\"async\" loading=\"lazy\" class=\"wp-image-1810 size-medium alignleft\" src=\"https:\/\/agora.xtec.cat\/cfasalvadordali\/wp-content\/uploads\/usu363\/2022\/11\/WhatsApp-Image-2022-11-11-at-09.48.25-300x225.jpeg\" alt=\"\" width=\"300\" height=\"225\" srcset=\"https:\/\/agora.xtec.cat\/cfasalvadordali\/wp-content\/uploads\/usu363\/2022\/11\/WhatsApp-Image-2022-11-11-at-09.48.25-300x225.jpeg 300w, https:\/\/agora.xtec.cat\/cfasalvadordali\/wp-content\/uploads\/usu363\/2022\/11\/WhatsApp-Image-2022-11-11-at-09.48.25-1024x768.jpeg 1024w, https:\/\/agora.xtec.cat\/cfasalvadordali\/wp-content\/uploads\/usu363\/2022\/11\/WhatsApp-Image-2022-11-11-at-09.48.25-768x576.jpeg 768w, https:\/\/agora.xtec.cat\/cfasalvadordali\/wp-content\/uploads\/usu363\/2022\/11\/WhatsApp-Image-2022-11-11-at-09.48.25-1536x1152.jpeg 1536w, https:\/\/agora.xtec.cat\/cfasalvadordali\/wp-content\/uploads\/usu363\/2022\/11\/WhatsApp-Image-2022-11-11-at-09.48.25-200x150.jpeg 200w, https:\/\/agora.xtec.cat\/cfasalvadordali\/wp-content\/uploads\/usu363\/2022\/11\/WhatsApp-Image-2022-11-11-at-09.48.25.jpeg 2048w\" sizes=\"auto, (max-width: 300px) 100vw, 300px\" \/><\/p>\n","protected":false},"excerpt":{"rendered":"<p>Aquesta setmana estrenem el mural de benvinguda a l&#8217;\u00c0rea Educativa, L&#8217;Eva n&#8217;\u00e9s la creadora i ha sabut copsar com ning\u00fa l&#8217;esperit del nostre alumnat.<\/p>\n","protected":false},"author":54,"featured_media":1810,"comment_status":"open","ping_status":"closed","sticky":false,"template":"","format":"standard","meta":{"_bbp_topic_count":0,"_bbp_reply_count":0,"_bbp_total_topic_count":0,"_bbp_total_reply_count":0,"_bbp_voice_count":0,"_bbp_anonymous_reply_count":0,"_bbp_topic_count_hidden":0,"_bbp_reply_count_hidden":0,"_bbp_forum_subforum_count":0,"footnotes":""},"categories":[1,29],"tags":[],"class_list":["post-1809","post","type-post","status-publish","format-standard","has-post-thumbnail","hentry","category-general","category-portada"],"post_mailing_queue_ids":[],"_links":{"self":[{"href":"https:\/\/agora.xtec.cat\/cfasalvadordali\/wp-json\/wp\/v2\/posts\/1809","targetHints":{"allow":["GET"]}}],"collection":[{"href":"https:\/\/agora.xtec.cat\/cfasalvadordali\/wp-json\/wp\/v2\/posts"}],"about":[{"href":"https:\/\/agora.xtec.cat\/cfasalvadordali\/wp-json\/wp\/v2\/types\/post"}],"author":[{"embeddable":true,"href":"https:\/\/agora.xtec.cat\/cfasalvadordali\/wp-json\/wp\/v2\/users\/54"}],"replies":[{"embeddable":true,"href":"https:\/\/agora.xtec.cat\/cfasalvadordali\/wp-json\/wp\/v2\/comments?post=1809"}],"version-history":[{"count":6,"href":"https:\/\/agora.xtec.cat\/cfasalvadordali\/wp-json\/wp\/v2\/posts\/1809\/revisions"}],"predecessor-version":[{"id":3507,"href":"https:\/\/agora.xtec.cat\/cfasalvadordali\/wp-json\/wp\/v2\/posts\/1809\/revisions\/3507"}],"wp:featuredmedia":[{"embeddable":true,"href":"https:\/\/agora.xtec.cat\/cfasalvadordali\/wp-json\/wp\/v2\/media\/1810"}],"wp:attachment":[{"href":"https:\/\/agora.xtec.cat\/cfasalvadordali\/wp-json\/wp\/v2\/media?parent=1809"}],"wp:term":[{"taxonomy":"category","embeddable":true,"href":"https:\/\/agora.xtec.cat\/cfasalvadordali\/wp-json\/wp\/v2\/categories?post=1809"},{"taxonomy":"post_tag","embeddable":true,"href":"https:\/\/agora.xtec.cat\/cfasalvadordali\/wp-json\/wp\/v2\/tags?post=1809"}],"curies":[{"name":"wp","href":"https:\/\/api.w.org\/{rel}","templated":true}]}}