{"id":1804,"date":"2022-11-08T15:30:03","date_gmt":"2022-11-08T14:30:03","guid":{"rendered":"https:\/\/agora.xtec.cat\/cfasalvadordali\/?p=1804"},"modified":"2022-11-08T15:30:03","modified_gmt":"2022-11-08T14:30:03","slug":"segona-edicio-de-lantologia-de-haikus","status":"publish","type":"post","link":"https:\/\/agora.xtec.cat\/cfasalvadordali\/general\/segona-edicio-de-lantologia-de-haikus\/","title":{"rendered":"SEGONA EDICI\u00d3 DE L&#8217;ANTOLOGIA DE HAIKUS"},"content":{"rendered":"<p style=\"text-align: justify;\">Al darrer trimestre del curs passat m\u00e9s d&#8217;una vintena alumnes de l&#8217;escola van participar al segon concurs de haikus del CFA Salvador Dal\u00ed.<\/p>\n<p style=\"text-align: justify;\">Ens fa molta il\u00b7lusi\u00f3 anunciar-vos que d&#8217;aquell concurs&#8230; n&#8217;ha sortit un llibre. Acabem de publicar la nostra segona antologia de haikus, que ha rebut el nom de &#8220;Paraules que fan cam\u00ed&#8221;. I per qu\u00e8 es titula aix\u00ed? Doncs perqu\u00e8 \u00e9s un sender fet de mots; una hist\u00f2ria constru\u00efda a partir de relats individuals que sovint s&#8217;han experimentat en col\u00b7lectiu. Tamb\u00e9 \u00e9s una fotografia dels processos que han transitat \u2013o transiten\u2013 els escriptors que firmen els presents poemes.<\/p>\n<p style=\"text-align: justify;\">L\u2019antologia \u00e9s un recopilatori de breus poemes de disset s\u00edl\u00b7labes que miren el que ens envolta i construeixen un horitz\u00f3 en qu\u00e8 somniar. \u201c<em>El mundo es como aparece ante mis cinco sentidos, y ante los tuyos, que son las orillas de los m\u00edos<\/em>\u201d, va escriure Miguel Hern\u00e1ndez. Hi ha d\u2019altres mons, somnien els poetes, per\u00f2 tots s\u00f3n en aquest.<\/p>\n<p style=\"text-align: justify;\">Aquestes p\u00e0gines s\u00f3n tamb\u00e9 un estat d\u2019\u00e0nim, un somni, un asil, un refugi i un laberint d\u2019avingudes. S\u00f3n \u2013som\u2013 una hist\u00f2ria conjugada en breu. El llibre respira en catal\u00e0, castell\u00e0 i angl\u00e8s per prescripci\u00f3 liter\u00e0ria, i per un cam\u00ed fet de paraules recorda, crida, alberga, esperona, estima, abra\u00e7a, desvesteix, esquerda, interpel\u00b7la i viu.<\/p>\n<p>&nbsp;<\/p>\n<p>Despr\u00e9s d&#8217;haver-vos explicat aquesta not\u00edcia, nom\u00e9s ens queda felicitar als escriptors!<\/p>\n<p><a href=\"https:\/\/agora.xtec.cat\/cfasalvadordali\/wp-content\/uploads\/usu363\/2022\/11\/PORTADA-HAIKUS.png\"><img loading=\"lazy\" decoding=\"async\" class=\"wp-image-1805 size-full aligncenter\" src=\"https:\/\/agora.xtec.cat\/cfasalvadordali\/wp-content\/uploads\/usu363\/2022\/11\/PORTADA-HAIKUS.png\" alt=\"\" width=\"513\" height=\"727\" srcset=\"https:\/\/agora.xtec.cat\/cfasalvadordali\/wp-content\/uploads\/usu363\/2022\/11\/PORTADA-HAIKUS.png 513w, https:\/\/agora.xtec.cat\/cfasalvadordali\/wp-content\/uploads\/usu363\/2022\/11\/PORTADA-HAIKUS-212x300.png 212w\" sizes=\"auto, (max-width: 513px) 100vw, 513px\" \/><\/a><\/p>\n","protected":false},"excerpt":{"rendered":"<p>Al darrer trimestre del curs passat m\u00e9s d&#8217;una vintena alumnes de l&#8217;escola van participar al segon concurs de haikus del CFA Salvador Dal\u00ed.<br \/>\nEns fa molta il\u00b7lusi\u00f3 anunciar-vos que d&#8217;aquell concurs&#8230; n&#8217;ha sortit un llibre. Acabem de publicar la nostra segona antologia de haikus, que ha&hellip;  <a href=\"https:\/\/agora.xtec.cat\/cfasalvadordali\/general\/segona-edicio-de-lantologia-de-haikus\/\" title=\"Read SEGONA EDICI\u00d3 DE L&#8217;ANTOLOGIA DE HAIKUS\">Llegeix m\u00e9s\u00bb<\/a><\/p>\n","protected":false},"author":54,"featured_media":1805,"comment_status":"open","ping_status":"closed","sticky":false,"template":"","format":"standard","meta":{"_bbp_topic_count":0,"_bbp_reply_count":0,"_bbp_total_topic_count":0,"_bbp_total_reply_count":0,"_bbp_voice_count":0,"_bbp_anonymous_reply_count":0,"_bbp_topic_count_hidden":0,"_bbp_reply_count_hidden":0,"_bbp_forum_subforum_count":0,"footnotes":""},"categories":[1,29],"tags":[],"class_list":["post-1804","post","type-post","status-publish","format-standard","has-post-thumbnail","hentry","category-general","category-portada"],"post_mailing_queue_ids":[],"_links":{"self":[{"href":"https:\/\/agora.xtec.cat\/cfasalvadordali\/wp-json\/wp\/v2\/posts\/1804","targetHints":{"allow":["GET"]}}],"collection":[{"href":"https:\/\/agora.xtec.cat\/cfasalvadordali\/wp-json\/wp\/v2\/posts"}],"about":[{"href":"https:\/\/agora.xtec.cat\/cfasalvadordali\/wp-json\/wp\/v2\/types\/post"}],"author":[{"embeddable":true,"href":"https:\/\/agora.xtec.cat\/cfasalvadordali\/wp-json\/wp\/v2\/users\/54"}],"replies":[{"embeddable":true,"href":"https:\/\/agora.xtec.cat\/cfasalvadordali\/wp-json\/wp\/v2\/comments?post=1804"}],"version-history":[{"count":3,"href":"https:\/\/agora.xtec.cat\/cfasalvadordali\/wp-json\/wp\/v2\/posts\/1804\/revisions"}],"predecessor-version":[{"id":1808,"href":"https:\/\/agora.xtec.cat\/cfasalvadordali\/wp-json\/wp\/v2\/posts\/1804\/revisions\/1808"}],"wp:featuredmedia":[{"embeddable":true,"href":"https:\/\/agora.xtec.cat\/cfasalvadordali\/wp-json\/wp\/v2\/media\/1805"}],"wp:attachment":[{"href":"https:\/\/agora.xtec.cat\/cfasalvadordali\/wp-json\/wp\/v2\/media?parent=1804"}],"wp:term":[{"taxonomy":"category","embeddable":true,"href":"https:\/\/agora.xtec.cat\/cfasalvadordali\/wp-json\/wp\/v2\/categories?post=1804"},{"taxonomy":"post_tag","embeddable":true,"href":"https:\/\/agora.xtec.cat\/cfasalvadordali\/wp-json\/wp\/v2\/tags?post=1804"}],"curies":[{"name":"wp","href":"https:\/\/api.w.org\/{rel}","templated":true}]}}