{"id":1781,"date":"2022-11-05T12:06:41","date_gmt":"2022-11-05T11:06:41","guid":{"rendered":"https:\/\/agora.xtec.cat\/cfasalvadordali\/?p=1781"},"modified":"2022-11-08T13:36:54","modified_gmt":"2022-11-08T12:36:54","slug":"el-surrealisme-aterra-als-moduls","status":"publish","type":"post","link":"https:\/\/agora.xtec.cat\/cfasalvadordali\/general\/el-surrealisme-aterra-als-moduls\/","title":{"rendered":"EL SURREALISME ATERRA ALS M\u00d2DULS"},"content":{"rendered":"<p><strong>Els alumnes de catal\u00e0 a m\u00f2duls han explorat el Surrealisme en un viatge on\u00a0 els objectes de la vida quotidiana es transformen per delatar els nostres desitjos, les nostres obsessions, les nostres pors. Com diuen els nostres alumnes: &#8220;Vol\u00edem parlar de surrealisme i hem acabat parlant de nosaltres&#8221; <\/strong><em><strong><a href=\"https:\/\/agora.xtec.cat\/cfasalvadordali\/wp-content\/uploads\/usu363\/2022\/11\/Voliem-parlar-de-surrealisme...-i-hem-acabat-parlant-de-nosaltres.png\"><img loading=\"lazy\" decoding=\"async\" class=\"wp-image-1790 alignleft\" src=\"https:\/\/agora.xtec.cat\/cfasalvadordali\/wp-content\/uploads\/usu363\/2022\/11\/Voliem-parlar-de-surrealisme...-i-hem-acabat-parlant-de-nosaltres-300x240.png\" alt=\"\" width=\"252\" height=\"201\" srcset=\"https:\/\/agora.xtec.cat\/cfasalvadordali\/wp-content\/uploads\/usu363\/2022\/11\/Voliem-parlar-de-surrealisme...-i-hem-acabat-parlant-de-nosaltres-300x240.png 300w, https:\/\/agora.xtec.cat\/cfasalvadordali\/wp-content\/uploads\/usu363\/2022\/11\/Voliem-parlar-de-surrealisme...-i-hem-acabat-parlant-de-nosaltres-1024x819.png 1024w, https:\/\/agora.xtec.cat\/cfasalvadordali\/wp-content\/uploads\/usu363\/2022\/11\/Voliem-parlar-de-surrealisme...-i-hem-acabat-parlant-de-nosaltres-768x614.png 768w, https:\/\/agora.xtec.cat\/cfasalvadordali\/wp-content\/uploads\/usu363\/2022\/11\/Voliem-parlar-de-surrealisme...-i-hem-acabat-parlant-de-nosaltres-1536x1229.png 1536w, https:\/\/agora.xtec.cat\/cfasalvadordali\/wp-content\/uploads\/usu363\/2022\/11\/Voliem-parlar-de-surrealisme...-i-hem-acabat-parlant-de-nosaltres.png 2000w\" sizes=\"auto, (max-width: 252px) 100vw, 252px\" \/><\/a><\/strong><a href=\"https:\/\/agora.xtec.cat\/cfasalvadordali\/wp-content\/uploads\/usu363\/2022\/11\/total.png\"><img loading=\"lazy\" decoding=\"async\" class=\"wp-image-1795 alignleft\" src=\"https:\/\/agora.xtec.cat\/cfasalvadordali\/wp-content\/uploads\/usu363\/2022\/11\/total-300x232.png\" alt=\"\" width=\"260\" height=\"201\" srcset=\"https:\/\/agora.xtec.cat\/cfasalvadordali\/wp-content\/uploads\/usu363\/2022\/11\/total-300x232.png 300w, https:\/\/agora.xtec.cat\/cfasalvadordali\/wp-content\/uploads\/usu363\/2022\/11\/total.png 719w\" sizes=\"auto, (max-width: 260px) 100vw, 260px\" \/><\/a><br \/>\n<\/em><\/p>\n","protected":false},"excerpt":{"rendered":"<p>Els alumnes de catal\u00e0 a m\u00f2duls han explorat el Surrealisme en un viatge on\u00a0 els objectes de la vida quotidiana es transformen per delatar els nostres desitjos, les nostres obsessions, les nostres pors. Com diuen els nostres alumnes: &#8220;Vol\u00edem parlar de surrealisme i hem acabat&hellip;  <a href=\"https:\/\/agora.xtec.cat\/cfasalvadordali\/general\/el-surrealisme-aterra-als-moduls\/\" title=\"Read EL SURREALISME ATERRA ALS M\u00d2DULS\">Llegeix m\u00e9s\u00bb<\/a><\/p>\n","protected":false},"author":54,"featured_media":1790,"comment_status":"open","ping_status":"closed","sticky":false,"template":"","format":"standard","meta":{"_bbp_topic_count":0,"_bbp_reply_count":0,"_bbp_total_topic_count":0,"_bbp_total_reply_count":0,"_bbp_voice_count":0,"_bbp_anonymous_reply_count":0,"_bbp_topic_count_hidden":0,"_bbp_reply_count_hidden":0,"_bbp_forum_subforum_count":0,"footnotes":""},"categories":[96,1,29],"tags":[],"class_list":["post-1781","post","type-post","status-publish","format-standard","has-post-thumbnail","hentry","category-activitats-culturals","category-general","category-portada"],"post_mailing_queue_ids":[],"_links":{"self":[{"href":"https:\/\/agora.xtec.cat\/cfasalvadordali\/wp-json\/wp\/v2\/posts\/1781","targetHints":{"allow":["GET"]}}],"collection":[{"href":"https:\/\/agora.xtec.cat\/cfasalvadordali\/wp-json\/wp\/v2\/posts"}],"about":[{"href":"https:\/\/agora.xtec.cat\/cfasalvadordali\/wp-json\/wp\/v2\/types\/post"}],"author":[{"embeddable":true,"href":"https:\/\/agora.xtec.cat\/cfasalvadordali\/wp-json\/wp\/v2\/users\/54"}],"replies":[{"embeddable":true,"href":"https:\/\/agora.xtec.cat\/cfasalvadordali\/wp-json\/wp\/v2\/comments?post=1781"}],"version-history":[{"count":3,"href":"https:\/\/agora.xtec.cat\/cfasalvadordali\/wp-json\/wp\/v2\/posts\/1781\/revisions"}],"predecessor-version":[{"id":1803,"href":"https:\/\/agora.xtec.cat\/cfasalvadordali\/wp-json\/wp\/v2\/posts\/1781\/revisions\/1803"}],"wp:featuredmedia":[{"embeddable":true,"href":"https:\/\/agora.xtec.cat\/cfasalvadordali\/wp-json\/wp\/v2\/media\/1790"}],"wp:attachment":[{"href":"https:\/\/agora.xtec.cat\/cfasalvadordali\/wp-json\/wp\/v2\/media?parent=1781"}],"wp:term":[{"taxonomy":"category","embeddable":true,"href":"https:\/\/agora.xtec.cat\/cfasalvadordali\/wp-json\/wp\/v2\/categories?post=1781"},{"taxonomy":"post_tag","embeddable":true,"href":"https:\/\/agora.xtec.cat\/cfasalvadordali\/wp-json\/wp\/v2\/tags?post=1781"}],"curies":[{"name":"wp","href":"https:\/\/api.w.org\/{rel}","templated":true}]}}