{"id":1744,"date":"2022-05-19T19:24:36","date_gmt":"2022-05-19T17:24:36","guid":{"rendered":"https:\/\/agora.xtec.cat\/cfasalvadordali\/?p=1744"},"modified":"2025-02-18T12:13:35","modified_gmt":"2025-02-18T11:13:35","slug":"visita-de-lactor-titellaire-miki-nevado","status":"publish","type":"post","link":"https:\/\/agora.xtec.cat\/cfasalvadordali\/general\/visita-de-lactor-titellaire-miki-nevado\/","title":{"rendered":"VISITA DE L\u2019ACTOR\/TITELLAIRE MIKI NEVADO"},"content":{"rendered":"<p>Per les jornades culturals organitzades pel CFA Salvador Dal\u00ed i en motiu de la celebraci\u00f3 de la diada de Sant Jordi, vam tenir la sort de comptar amb el MikiNevado que ens va explicar la hist\u00f2ria dels titelles, ens va fer una demostraci\u00f3 i vam poder utilitzar-les per a fer representacions.<\/p>\n<p><a href=\"https:\/\/agora.xtec.cat\/cfasalvadordali\/wp-content\/uploads\/usu363\/2022\/05\/1.png\"><img decoding=\"async\" loading=\"lazy\" class=\"alignnone size-full wp-image-1745\" src=\"https:\/\/agora.xtec.cat\/cfasalvadordali\/wp-content\/uploads\/usu363\/2022\/05\/1.png\" alt=\"\" width=\"271\" height=\"293\" \/><\/a><\/p>\n<p><a href=\"https:\/\/agora.xtec.cat\/cfasalvadordali\/wp-content\/uploads\/usu363\/2022\/05\/2.png\"><img decoding=\"async\" loading=\"lazy\" class=\"alignnone size-full wp-image-1746\" src=\"https:\/\/agora.xtec.cat\/cfasalvadordali\/wp-content\/uploads\/usu363\/2022\/05\/2.png\" alt=\"\" width=\"421\" height=\"318\" srcset=\"https:\/\/agora.xtec.cat\/cfasalvadordali\/wp-content\/uploads\/usu363\/2022\/05\/2.png 421w, https:\/\/agora.xtec.cat\/cfasalvadordali\/wp-content\/uploads\/usu363\/2022\/05\/2-300x227.png 300w, https:\/\/agora.xtec.cat\/cfasalvadordali\/wp-content\/uploads\/usu363\/2022\/05\/2-200x150.png 200w\" sizes=\"auto, (max-width: 421px) 100vw, 421px\" \/><\/a><\/p>\n<p><a href=\"https:\/\/agora.xtec.cat\/cfasalvadordali\/wp-content\/uploads\/usu363\/2022\/05\/3.png\"><img decoding=\"async\" loading=\"lazy\" class=\"alignnone size-large wp-image-1747\" src=\"https:\/\/agora.xtec.cat\/cfasalvadordali\/wp-content\/uploads\/usu363\/2022\/05\/3.png\" alt=\"\" width=\"363\" height=\"408\" srcset=\"https:\/\/agora.xtec.cat\/cfasalvadordali\/wp-content\/uploads\/usu363\/2022\/05\/3.png 363w, https:\/\/agora.xtec.cat\/cfasalvadordali\/wp-content\/uploads\/usu363\/2022\/05\/3-267x300.png 267w\" sizes=\"auto, (max-width: 363px) 100vw, 363px\" \/><\/a><\/p>\n","protected":false},"excerpt":{"rendered":"<p>Per les jornades culturals organitzades pel CFA Salvador Dal\u00ed i en motiu de la celebraci\u00f3 de la diada de Sant Jordi, vam tenir la sort de comptar amb el MikiNevado que ens va explicar la hist\u00f2ria dels titelles, ens va fer una demostraci\u00f3 i vam&hellip;  <a href=\"https:\/\/agora.xtec.cat\/cfasalvadordali\/general\/visita-de-lactor-titellaire-miki-nevado\/\" title=\"Read VISITA DE L\u2019ACTOR\/TITELLAIRE MIKI NEVADO\">Llegeix m\u00e9s\u00bb<\/a><\/p>\n","protected":false},"author":1,"featured_media":1745,"comment_status":"open","ping_status":"closed","sticky":false,"template":"","format":"standard","meta":{"_bbp_topic_count":0,"_bbp_reply_count":0,"_bbp_total_topic_count":0,"_bbp_total_reply_count":0,"_bbp_voice_count":0,"_bbp_anonymous_reply_count":0,"_bbp_topic_count_hidden":0,"_bbp_reply_count_hidden":0,"_bbp_forum_subforum_count":0,"footnotes":""},"categories":[96,1,29],"tags":[],"class_list":["post-1744","post","type-post","status-publish","format-standard","has-post-thumbnail","hentry","category-activitats-culturals","category-general","category-portada"],"post_mailing_queue_ids":[],"_links":{"self":[{"href":"https:\/\/agora.xtec.cat\/cfasalvadordali\/wp-json\/wp\/v2\/posts\/1744","targetHints":{"allow":["GET"]}}],"collection":[{"href":"https:\/\/agora.xtec.cat\/cfasalvadordali\/wp-json\/wp\/v2\/posts"}],"about":[{"href":"https:\/\/agora.xtec.cat\/cfasalvadordali\/wp-json\/wp\/v2\/types\/post"}],"author":[{"embeddable":true,"href":"https:\/\/agora.xtec.cat\/cfasalvadordali\/wp-json\/wp\/v2\/users\/1"}],"replies":[{"embeddable":true,"href":"https:\/\/agora.xtec.cat\/cfasalvadordali\/wp-json\/wp\/v2\/comments?post=1744"}],"version-history":[{"count":5,"href":"https:\/\/agora.xtec.cat\/cfasalvadordali\/wp-json\/wp\/v2\/posts\/1744\/revisions"}],"predecessor-version":[{"id":3505,"href":"https:\/\/agora.xtec.cat\/cfasalvadordali\/wp-json\/wp\/v2\/posts\/1744\/revisions\/3505"}],"wp:featuredmedia":[{"embeddable":true,"href":"https:\/\/agora.xtec.cat\/cfasalvadordali\/wp-json\/wp\/v2\/media\/1745"}],"wp:attachment":[{"href":"https:\/\/agora.xtec.cat\/cfasalvadordali\/wp-json\/wp\/v2\/media?parent=1744"}],"wp:term":[{"taxonomy":"category","embeddable":true,"href":"https:\/\/agora.xtec.cat\/cfasalvadordali\/wp-json\/wp\/v2\/categories?post=1744"},{"taxonomy":"post_tag","embeddable":true,"href":"https:\/\/agora.xtec.cat\/cfasalvadordali\/wp-json\/wp\/v2\/tags?post=1744"}],"curies":[{"name":"wp","href":"https:\/\/api.w.org\/{rel}","templated":true}]}}