{"id":1739,"date":"2022-05-19T19:18:31","date_gmt":"2022-05-19T17:18:31","guid":{"rendered":"https:\/\/agora.xtec.cat\/cfasalvadordali\/?p=1739"},"modified":"2022-07-14T20:15:49","modified_gmt":"2022-07-14T18:15:49","slug":"sortida-programada-al-museu-blau-de-barcelona","status":"publish","type":"post","link":"https:\/\/agora.xtec.cat\/cfasalvadordali\/general\/sortida-programada-al-museu-blau-de-barcelona\/","title":{"rendered":"Sortida programada al Museu Blau de Barcelona"},"content":{"rendered":"<p lang=\"ca-ES\" align=\"justify\"><span style=\"font-family: Verdana, sans-serif;\"><span style=\"font-size: medium;\">El dia 6 de maig va ser un dia molt divertit i inoblidable per a nosaltres. Vam gaudir com nens petits (sobretot el Malki) i la veritat \u00e9s que ens va agradar molt perqu\u00e8 vam estar tots molt organitzats. Estem molt agra\u00efts de tot cor per la bona companyia dels mestres i companys.<\/span><\/span><\/p>\n<p lang=\"ca-ES\" align=\"justify\"><span style=\"font-family: Verdana, sans-serif;\"><span style=\"font-size: medium;\">Ara explicarem l\u2019activitat que vam fer, ja que va ser molt interessant. Vam arribar al Museu Blau a les 11, els nostres mestres ens van aconseguir entrades gratu\u00eftes i ens van rebre molt b\u00e9. Aqu\u00ed comen\u00e7a la nostra aventura!<\/span><\/span><\/p>\n<p lang=\"ca-ES\" align=\"justify\"><a href=\"https:\/\/agora.xtec.cat\/cfasalvadordali\/wp-content\/uploads\/usu363\/2022\/05\/IMG_20220506_110016.jpg\"><img loading=\"lazy\" decoding=\"async\" class=\"alignnone size-large wp-image-1741\" src=\"https:\/\/agora.xtec.cat\/cfasalvadordali\/wp-content\/uploads\/usu363\/2022\/05\/IMG_20220506_110016-1024x768.jpg\" alt=\"\" width=\"1024\" height=\"768\" srcset=\"https:\/\/agora.xtec.cat\/cfasalvadordali\/wp-content\/uploads\/usu363\/2022\/05\/IMG_20220506_110016-1024x768.jpg 1024w, https:\/\/agora.xtec.cat\/cfasalvadordali\/wp-content\/uploads\/usu363\/2022\/05\/IMG_20220506_110016-300x225.jpg 300w, https:\/\/agora.xtec.cat\/cfasalvadordali\/wp-content\/uploads\/usu363\/2022\/05\/IMG_20220506_110016-768x576.jpg 768w, https:\/\/agora.xtec.cat\/cfasalvadordali\/wp-content\/uploads\/usu363\/2022\/05\/IMG_20220506_110016-200x150.jpg 200w, https:\/\/agora.xtec.cat\/cfasalvadordali\/wp-content\/uploads\/usu363\/2022\/05\/IMG_20220506_110016.jpg 1174w\" sizes=\"auto, (max-width: 1024px) 100vw, 1024px\" \/><\/a><\/p>\n<p lang=\"ca-ES\" align=\"justify\"><span style=\"font-family: Verdana, sans-serif; font-size: medium;\">Vam poder veure tantes coses interessants, des dels animals fins als minerals que tenim a la nostra meravellosa terra. Alguns animals eren de mida real, com el lle\u00f3, el goril\u00b7la, l\u2019elefant&#8230; De fet, l\u2019animal m\u00e9s espectacular de tots est\u00e0 a l\u2019entrada del museu i \u00e9s una balena que van trobar a la costa d\u2019un poble de Girona anomenat\u00a0<\/span><span lang=\"ca\"><span style=\"font-family: Verdana, sans-serif; font-size: medium;\">Llan\u00e7\u00e0.<\/span><\/span><\/p>\n<p lang=\"ca-ES\" align=\"justify\"><span style=\"font-family: Verdana, sans-serif;\"><span style=\"font-size: medium;\">Tamb\u00e9 vam visitar una exposici\u00f3 sobre dones que van deixar la seva empremta per la humanitat amb diferents descobriments cient\u00edfics. <\/span><\/span><\/p>\n<p lang=\"ca-ES\" align=\"justify\"><span style=\"font-family: Verdana, sans-serif; font-size: medium;\">Quan vam sortir del museu vam anar a dinar al centre comercial. A alguns ens venia de gust menjar un McDonald&#8217;s, per\u00f2 alguns altres volien un plat combinat, aix\u00ed que despr\u00e9s vam anar a una terrassa d\u2019uns pakistanesos i all\u00e0 vam demanar uns plats de men\u00fa deliciosos. Tamb\u00e9 vam menjar un gelat cadasc\u00fa i xocolata, i vam xerrar i riure molt\u00edssim.<\/span><\/p>\n<p lang=\"ca-ES\" align=\"justify\"><span style=\"font-family: Verdana, sans-serif;\"><span style=\"font-size: medium;\">Despr\u00e9s vam passejar per les botigues i sembl\u00e0vem adolescents perqu\u00e8 vol\u00edem comprar tota la roba que veiem per\u00f2 nom\u00e9s ten\u00edem 20 euros. <\/span><\/span><\/p>\n<p lang=\"ca-ES\" align=\"justify\"><span style=\"font-family: Verdana, sans-serif;\"><span style=\"font-size: medium;\">Per \u00faltim, vam fer un passeig per la platja i vam passar una bona estona al costat del mar respirant a l\u2019aire lliure.<\/span><\/span><\/p>\n<p lang=\"ca-ES\" align=\"justify\"><span style=\"font-family: Verdana, sans-serif;\"><span style=\"font-size: medium;\">Cap a dos quarts de cinc vam anar a agafar el cotxe i vam tornar al centre, aix\u00f2 s\u00ed, escoltant bona m\u00fasica, rient i ballant!<\/span><\/span><\/p>\n<p lang=\"ca-ES\"><span style=\"font-family: Verdana, sans-serif;\"><span style=\"font-size: medium;\">Estem molt contents i agra\u00efts (a la teacher M.\u00c0ngels i al nostre profe i amic David). <\/span><\/span><\/p>\n<p lang=\"ca-ES\"><span style=\"font-family: Verdana, sans-serif;\"><span style=\"font-size: medium;\">Esperem repetir aquesta aventura el m\u00e9s aviat possible.<\/span><\/span><\/p>\n<p align=\"justify\"><span style=\"font-family: Arial, sans-serif;\"><span style=\"font-size: medium;\"><span style=\"color: #c9211e;\"><span lang=\"ca\">Malki Mohamed el Amine <\/span><\/span><span style=\"color: #c9211e;\"><span lang=\"ca\">i <\/span><\/span><span style=\"color: #c9211e;\"><span lang=\"ca\">Miguel Angel Gabriel Montes<\/span><\/span><\/span><\/span><\/p>\n","protected":false},"excerpt":{"rendered":"<p>El dia 6 de maig va ser un dia molt divertit i inoblidable per a nosaltres. Vam gaudir com nens petits (sobretot el Malki) i la veritat \u00e9s que ens va agradar molt perqu\u00e8 vam estar tots molt organitzats. Estem molt agra\u00efts de tot cor&hellip;  <a href=\"https:\/\/agora.xtec.cat\/cfasalvadordali\/general\/sortida-programada-al-museu-blau-de-barcelona\/\" title=\"Read Sortida programada al Museu Blau de Barcelona\">Llegeix m\u00e9s\u00bb<\/a><\/p>\n","protected":false},"author":158,"featured_media":1740,"comment_status":"open","ping_status":"closed","sticky":false,"template":"","format":"standard","meta":{"_bbp_topic_count":0,"_bbp_reply_count":0,"_bbp_total_topic_count":0,"_bbp_total_reply_count":0,"_bbp_voice_count":0,"_bbp_anonymous_reply_count":0,"_bbp_topic_count_hidden":0,"_bbp_reply_count_hidden":0,"_bbp_forum_subforum_count":0,"footnotes":""},"categories":[95,1,29],"tags":[],"class_list":["post-1739","post","type-post","status-publish","format-standard","has-post-thumbnail","hentry","category-fi3","category-general","category-portada"],"post_mailing_queue_ids":[],"_links":{"self":[{"href":"https:\/\/agora.xtec.cat\/cfasalvadordali\/wp-json\/wp\/v2\/posts\/1739","targetHints":{"allow":["GET"]}}],"collection":[{"href":"https:\/\/agora.xtec.cat\/cfasalvadordali\/wp-json\/wp\/v2\/posts"}],"about":[{"href":"https:\/\/agora.xtec.cat\/cfasalvadordali\/wp-json\/wp\/v2\/types\/post"}],"author":[{"embeddable":true,"href":"https:\/\/agora.xtec.cat\/cfasalvadordali\/wp-json\/wp\/v2\/users\/158"}],"replies":[{"embeddable":true,"href":"https:\/\/agora.xtec.cat\/cfasalvadordali\/wp-json\/wp\/v2\/comments?post=1739"}],"version-history":[{"count":2,"href":"https:\/\/agora.xtec.cat\/cfasalvadordali\/wp-json\/wp\/v2\/posts\/1739\/revisions"}],"predecessor-version":[{"id":1766,"href":"https:\/\/agora.xtec.cat\/cfasalvadordali\/wp-json\/wp\/v2\/posts\/1739\/revisions\/1766"}],"wp:featuredmedia":[{"embeddable":true,"href":"https:\/\/agora.xtec.cat\/cfasalvadordali\/wp-json\/wp\/v2\/media\/1740"}],"wp:attachment":[{"href":"https:\/\/agora.xtec.cat\/cfasalvadordali\/wp-json\/wp\/v2\/media?parent=1739"}],"wp:term":[{"taxonomy":"category","embeddable":true,"href":"https:\/\/agora.xtec.cat\/cfasalvadordali\/wp-json\/wp\/v2\/categories?post=1739"},{"taxonomy":"post_tag","embeddable":true,"href":"https:\/\/agora.xtec.cat\/cfasalvadordali\/wp-json\/wp\/v2\/tags?post=1739"}],"curies":[{"name":"wp","href":"https:\/\/api.w.org\/{rel}","templated":true}]}}