{"id":1719,"date":"2022-04-24T17:47:14","date_gmt":"2022-04-24T15:47:14","guid":{"rendered":"https:\/\/agora.xtec.cat\/cfasalvadordali\/?p=1719"},"modified":"2025-02-18T12:13:18","modified_gmt":"2025-02-18T11:13:18","slug":"taller-de-cuina-koreana-al-dms","status":"publish","type":"post","link":"https:\/\/agora.xtec.cat\/cfasalvadordali\/portada\/taller-de-cuina-koreana-al-dms\/","title":{"rendered":"TALLER DE CUINA KOREANA AL DMS"},"content":{"rendered":"<h3>Els alumnes d&#8217;angl\u00e9s del DMS han gaudit d&#8217;un taller de cuina Coreana amb la June.<\/h3>\n<p><img decoding=\"async\" loading=\"lazy\" class=\"wp-image-1720 \" src=\"https:\/\/agora.xtec.cat\/cfasalvadordali\/wp-content\/uploads\/usu363\/2022\/04\/rollo-koreano-300x217.jpg\" alt=\"\" width=\"231\" height=\"167\" srcset=\"https:\/\/agora.xtec.cat\/cfasalvadordali\/wp-content\/uploads\/usu363\/2022\/04\/rollo-koreano-300x217.jpg 300w, https:\/\/agora.xtec.cat\/cfasalvadordali\/wp-content\/uploads\/usu363\/2022\/04\/rollo-koreano.jpg 350w\" sizes=\"auto, (max-width: 231px) 100vw, 231px\" \/><\/p>\n<p style=\"text-align: justify;\">Aquests rotllets de primavera\u00a0 es mengen freds, sense fregir i es poden acompanyar amb arr\u00f2s saltejat. S&#8217;emboliquen en una h\u00f2stia d&#8217;arr\u00f2s. El farciment\u00a0 sol ser de carn, gambes o tofu i verdures.Tamb\u00e9 hi podem posar una mica de menta i coriandre que acabar\u00e0 de donar-li el toc asi\u00e0tic.\u00a0 Ho acompanyem amb una salsa de cacahuet i soja.<\/p>\n<p><a href=\"https:\/\/agora.xtec.cat\/cfasalvadordali\/wp-content\/uploads\/usu363\/2022\/04\/korea.jpg\"><img decoding=\"async\" loading=\"lazy\" class=\"wp-image-1725 size-full\" src=\"https:\/\/agora.xtec.cat\/cfasalvadordali\/wp-content\/uploads\/usu363\/2022\/04\/korea.jpg\" alt=\"\" width=\"272\" height=\"186\" \/><\/a><\/p>\n<h3 id=\"tw-target-text\" class=\"tw-data-text tw-text-large tw-ta\" dir=\"ltr\" data-placeholder=\"Traducci\u00f3n\"><strong><span class=\"Y2IQFc\" lang=\"ko\">\u00a0 \u00a0 \u00a0 \u00a0 \u00a0 \u00a0 \u00a0 \u00a0 \u00a0 \u00a0 \u00a0<\/span><\/strong><\/h3>\n<p><strong> \uc88b\uc740 \uc774\uc775<\/strong><\/p>\n","protected":false},"excerpt":{"rendered":"<p>Els alumnes d&#8217;angl\u00e9s del DMS han gaudit d&#8217;un taller de cuina Coreana amb la June.<\/p>\n<p>Aquests rotllets de primavera\u00a0 es mengen freds, sense fregir i es poden acompanyar amb arr\u00f2s saltejat. S&#8217;emboliquen en una h\u00f2stia d&#8217;arr\u00f2s. El farciment\u00a0 sol ser de carn, gambes o tofu i&hellip;  <a href=\"https:\/\/agora.xtec.cat\/cfasalvadordali\/portada\/taller-de-cuina-koreana-al-dms\/\" title=\"Read TALLER DE CUINA KOREANA AL DMS\">Llegeix m\u00e9s\u00bb<\/a><\/p>\n","protected":false},"author":54,"featured_media":0,"comment_status":"open","ping_status":"closed","sticky":false,"template":"","format":"standard","meta":{"_bbp_topic_count":0,"_bbp_reply_count":0,"_bbp_total_topic_count":0,"_bbp_total_reply_count":0,"_bbp_voice_count":0,"_bbp_anonymous_reply_count":0,"_bbp_topic_count_hidden":0,"_bbp_reply_count_hidden":0,"_bbp_forum_subforum_count":0,"footnotes":""},"categories":[29],"tags":[],"class_list":["post-1719","post","type-post","status-publish","format-standard","hentry","category-portada"],"post_mailing_queue_ids":[],"_links":{"self":[{"href":"https:\/\/agora.xtec.cat\/cfasalvadordali\/wp-json\/wp\/v2\/posts\/1719","targetHints":{"allow":["GET"]}}],"collection":[{"href":"https:\/\/agora.xtec.cat\/cfasalvadordali\/wp-json\/wp\/v2\/posts"}],"about":[{"href":"https:\/\/agora.xtec.cat\/cfasalvadordali\/wp-json\/wp\/v2\/types\/post"}],"author":[{"embeddable":true,"href":"https:\/\/agora.xtec.cat\/cfasalvadordali\/wp-json\/wp\/v2\/users\/54"}],"replies":[{"embeddable":true,"href":"https:\/\/agora.xtec.cat\/cfasalvadordali\/wp-json\/wp\/v2\/comments?post=1719"}],"version-history":[{"count":7,"href":"https:\/\/agora.xtec.cat\/cfasalvadordali\/wp-json\/wp\/v2\/posts\/1719\/revisions"}],"predecessor-version":[{"id":3504,"href":"https:\/\/agora.xtec.cat\/cfasalvadordali\/wp-json\/wp\/v2\/posts\/1719\/revisions\/3504"}],"wp:attachment":[{"href":"https:\/\/agora.xtec.cat\/cfasalvadordali\/wp-json\/wp\/v2\/media?parent=1719"}],"wp:term":[{"taxonomy":"category","embeddable":true,"href":"https:\/\/agora.xtec.cat\/cfasalvadordali\/wp-json\/wp\/v2\/categories?post=1719"},{"taxonomy":"post_tag","embeddable":true,"href":"https:\/\/agora.xtec.cat\/cfasalvadordali\/wp-json\/wp\/v2\/tags?post=1719"}],"curies":[{"name":"wp","href":"https:\/\/api.w.org\/{rel}","templated":true}]}}