{"id":1700,"date":"2022-04-07T10:24:07","date_gmt":"2022-04-07T08:24:07","guid":{"rendered":"https:\/\/agora.xtec.cat\/cfasalvadordali\/?p=1700"},"modified":"2022-04-07T10:30:04","modified_gmt":"2022-04-07T08:30:04","slug":"llengues","status":"publish","type":"post","link":"https:\/\/agora.xtec.cat\/cfasalvadordali\/general\/llengues\/","title":{"rendered":"Lleng\u00fces germanes."},"content":{"rendered":"<p>Els grups de llengua catalana i franc\u00e8s han fet una activitat conjunta per veure les coincid\u00e8ncies entre les dues lleng\u00fces. Han fet servir alguns mots que tenen la mateixa arrel i aix\u00ed demostrar la interconnexi\u00f3 ling\u00fc\u00edstica entre les lleng\u00fces llatines. (Joc de targetes)<\/p>\n<p>Un cop acabat el mural, han convidat la resta de grups a participar i fer una reflexi\u00f3 sobre la interconnexi\u00f3 ling\u00fc\u00edstica entre moltes altres lleng\u00fces.<\/p>\n<p><a href=\"https:\/\/agora.xtec.cat\/cfasalvadordali\/wp-content\/uploads\/usu363\/2022\/04\/IMG_0003-scaled.jpg\"><img loading=\"lazy\" decoding=\"async\" class=\"alignnone size-large wp-image-1701\" src=\"https:\/\/agora.xtec.cat\/cfasalvadordali\/wp-content\/uploads\/usu363\/2022\/04\/IMG_0003-1024x575.jpg\" alt=\"\" width=\"1024\" height=\"575\" srcset=\"https:\/\/agora.xtec.cat\/cfasalvadordali\/wp-content\/uploads\/usu363\/2022\/04\/IMG_0003-1024x575.jpg 1024w, https:\/\/agora.xtec.cat\/cfasalvadordali\/wp-content\/uploads\/usu363\/2022\/04\/IMG_0003-300x168.jpg 300w, https:\/\/agora.xtec.cat\/cfasalvadordali\/wp-content\/uploads\/usu363\/2022\/04\/IMG_0003-768x431.jpg 768w, https:\/\/agora.xtec.cat\/cfasalvadordali\/wp-content\/uploads\/usu363\/2022\/04\/IMG_0003-1536x862.jpg 1536w, https:\/\/agora.xtec.cat\/cfasalvadordali\/wp-content\/uploads\/usu363\/2022\/04\/IMG_0003-2048x1150.jpg 2048w\" sizes=\"auto, (max-width: 1024px) 100vw, 1024px\" \/><\/a><\/p>\n","protected":false},"excerpt":{"rendered":"<p>Els grups de llengua catalana i franc\u00e8s han fet una activitat conjunta per veure les coincid\u00e8ncies entre les dues lleng\u00fces. Han fet servir alguns mots que tenen la mateixa arrel i aix\u00ed demostrar la interconnexi\u00f3 ling\u00fc\u00edstica entre les lleng\u00fces llatines. (Joc de targetes)<br \/>\nUn cop acabat&hellip;  <a href=\"https:\/\/agora.xtec.cat\/cfasalvadordali\/general\/llengues\/\" title=\"Read Lleng\u00fces germanes.\">Llegeix m\u00e9s\u00bb<\/a><\/p>\n","protected":false},"author":1,"featured_media":0,"comment_status":"open","ping_status":"closed","sticky":false,"template":"","format":"standard","meta":{"_bbp_topic_count":0,"_bbp_reply_count":0,"_bbp_total_topic_count":0,"_bbp_total_reply_count":0,"_bbp_voice_count":0,"_bbp_anonymous_reply_count":0,"_bbp_topic_count_hidden":0,"_bbp_reply_count_hidden":0,"_bbp_forum_subforum_count":0,"footnotes":""},"categories":[1,29],"tags":[],"class_list":["post-1700","post","type-post","status-publish","format-standard","hentry","category-general","category-portada"],"post_mailing_queue_ids":[],"_links":{"self":[{"href":"https:\/\/agora.xtec.cat\/cfasalvadordali\/wp-json\/wp\/v2\/posts\/1700","targetHints":{"allow":["GET"]}}],"collection":[{"href":"https:\/\/agora.xtec.cat\/cfasalvadordali\/wp-json\/wp\/v2\/posts"}],"about":[{"href":"https:\/\/agora.xtec.cat\/cfasalvadordali\/wp-json\/wp\/v2\/types\/post"}],"author":[{"embeddable":true,"href":"https:\/\/agora.xtec.cat\/cfasalvadordali\/wp-json\/wp\/v2\/users\/1"}],"replies":[{"embeddable":true,"href":"https:\/\/agora.xtec.cat\/cfasalvadordali\/wp-json\/wp\/v2\/comments?post=1700"}],"version-history":[{"count":3,"href":"https:\/\/agora.xtec.cat\/cfasalvadordali\/wp-json\/wp\/v2\/posts\/1700\/revisions"}],"predecessor-version":[{"id":1706,"href":"https:\/\/agora.xtec.cat\/cfasalvadordali\/wp-json\/wp\/v2\/posts\/1700\/revisions\/1706"}],"wp:attachment":[{"href":"https:\/\/agora.xtec.cat\/cfasalvadordali\/wp-json\/wp\/v2\/media?parent=1700"}],"wp:term":[{"taxonomy":"category","embeddable":true,"href":"https:\/\/agora.xtec.cat\/cfasalvadordali\/wp-json\/wp\/v2\/categories?post=1700"},{"taxonomy":"post_tag","embeddable":true,"href":"https:\/\/agora.xtec.cat\/cfasalvadordali\/wp-json\/wp\/v2\/tags?post=1700"}],"curies":[{"name":"wp","href":"https:\/\/api.w.org\/{rel}","templated":true}]}}