{"id":1689,"date":"2022-04-07T09:51:27","date_gmt":"2022-04-07T07:51:27","guid":{"rendered":"https:\/\/agora.xtec.cat\/cfasalvadordali\/?p=1689"},"modified":"2025-02-18T12:13:01","modified_gmt":"2025-02-18T11:13:01","slug":"jornada-inaugural-dia-internacional-de-lesport","status":"publish","type":"post","link":"https:\/\/agora.xtec.cat\/cfasalvadordali\/general\/jornada-inaugural-dia-internacional-de-lesport\/","title":{"rendered":"Jornada inaugural &#8220;Dia Internacional de l&#8217;Esport&#8221;"},"content":{"rendered":"<p>Ahir el teatre de Quatre Camins es va omplir d&#8217;eleg\u00e0ncia amb la pres\u00e8ncia del director del Ballet de Catalunya i dos dels seus ballarins. Aquest acte va donar punt de partida a les diferents activitats que es realitzaran al voltant del dia de l&#8217;esport que \u00e9s el 6 d&#8217;abril.<\/p>\n<p>Els interns varen poder fer una xerrada de tu a tu amb els participants preguntant els dubtes i curiositats que els hi inspirava el ballet. Varen con\u00e8ixer dades molt curioses i va ser una oportunitat \u00fanica de poder gaudir d&#8217;una demostraci\u00f3 de ballet.<\/p>\n<p>La xerrada va servir tamb\u00e9 per parlar sobre la import\u00e0ncia de l&#8217;activitat f\u00edsica en la salut de les persones, la const\u00e0ncia, l&#8217;esfor\u00e7, la bona alimentaci\u00f3 i els bons h\u00e0bits.<\/p>\n<p><a href=\"https:\/\/agora.xtec.cat\/cfasalvadordali\/wp-content\/uploads\/usu363\/2022\/04\/1649234188107.jpg\"><img decoding=\"async\" loading=\"lazy\" class=\"alignnone size-large wp-image-1693\" src=\"https:\/\/agora.xtec.cat\/cfasalvadordali\/wp-content\/uploads\/usu363\/2022\/04\/1649234188107-1024x860.jpg\" alt=\"\" width=\"1024\" height=\"860\" srcset=\"https:\/\/agora.xtec.cat\/cfasalvadordali\/wp-content\/uploads\/usu363\/2022\/04\/1649234188107-1024x860.jpg 1024w, https:\/\/agora.xtec.cat\/cfasalvadordali\/wp-content\/uploads\/usu363\/2022\/04\/1649234188107-300x252.jpg 300w, https:\/\/agora.xtec.cat\/cfasalvadordali\/wp-content\/uploads\/usu363\/2022\/04\/1649234188107-768x645.jpg 768w, https:\/\/agora.xtec.cat\/cfasalvadordali\/wp-content\/uploads\/usu363\/2022\/04\/1649234188107-1536x1290.jpg 1536w, https:\/\/agora.xtec.cat\/cfasalvadordali\/wp-content\/uploads\/usu363\/2022\/04\/1649234188107-2048x1720.jpg 2048w\" sizes=\"auto, (max-width: 1024px) 100vw, 1024px\" \/><\/a>\u00a0<a href=\"https:\/\/agora.xtec.cat\/cfasalvadordali\/wp-content\/uploads\/usu363\/2022\/04\/Ballet.doc\">Ballet<\/a> <a href=\"https:\/\/agora.xtec.cat\/cfasalvadordali\/wp-content\/uploads\/usu363\/2022\/04\/Ballet-1.doc\">Ballet<\/a><\/p>\n","protected":false},"excerpt":{"rendered":"<p>Ahir el teatre de Quatre Camins es va omplir d&#8217;eleg\u00e0ncia amb la pres\u00e8ncia del director del Ballet de Catalunya i dos dels seus ballarins. Aquest acte va donar punt de partida a les diferents activitats que es realitzaran al voltant del dia de l&#8217;esport que&hellip;  <a href=\"https:\/\/agora.xtec.cat\/cfasalvadordali\/general\/jornada-inaugural-dia-internacional-de-lesport\/\" title=\"Read Jornada inaugural &#8220;Dia Internacional de l&#8217;Esport&#8221;\">Llegeix m\u00e9s\u00bb<\/a><\/p>\n","protected":false},"author":1,"featured_media":0,"comment_status":"open","ping_status":"closed","sticky":false,"template":"","format":"standard","meta":{"_bbp_topic_count":0,"_bbp_reply_count":0,"_bbp_total_topic_count":0,"_bbp_total_reply_count":0,"_bbp_voice_count":0,"_bbp_anonymous_reply_count":0,"_bbp_topic_count_hidden":0,"_bbp_reply_count_hidden":0,"_bbp_forum_subforum_count":0,"footnotes":""},"categories":[96,119,1,29],"tags":[],"class_list":["post-1689","post","type-post","status-publish","format-standard","hentry","category-activitats-culturals","category-angles-3","category-general","category-portada"],"post_mailing_queue_ids":[],"_links":{"self":[{"href":"https:\/\/agora.xtec.cat\/cfasalvadordali\/wp-json\/wp\/v2\/posts\/1689","targetHints":{"allow":["GET"]}}],"collection":[{"href":"https:\/\/agora.xtec.cat\/cfasalvadordali\/wp-json\/wp\/v2\/posts"}],"about":[{"href":"https:\/\/agora.xtec.cat\/cfasalvadordali\/wp-json\/wp\/v2\/types\/post"}],"author":[{"embeddable":true,"href":"https:\/\/agora.xtec.cat\/cfasalvadordali\/wp-json\/wp\/v2\/users\/1"}],"replies":[{"embeddable":true,"href":"https:\/\/agora.xtec.cat\/cfasalvadordali\/wp-json\/wp\/v2\/comments?post=1689"}],"version-history":[{"count":5,"href":"https:\/\/agora.xtec.cat\/cfasalvadordali\/wp-json\/wp\/v2\/posts\/1689\/revisions"}],"predecessor-version":[{"id":3503,"href":"https:\/\/agora.xtec.cat\/cfasalvadordali\/wp-json\/wp\/v2\/posts\/1689\/revisions\/3503"}],"wp:attachment":[{"href":"https:\/\/agora.xtec.cat\/cfasalvadordali\/wp-json\/wp\/v2\/media?parent=1689"}],"wp:term":[{"taxonomy":"category","embeddable":true,"href":"https:\/\/agora.xtec.cat\/cfasalvadordali\/wp-json\/wp\/v2\/categories?post=1689"},{"taxonomy":"post_tag","embeddable":true,"href":"https:\/\/agora.xtec.cat\/cfasalvadordali\/wp-json\/wp\/v2\/tags?post=1689"}],"curies":[{"name":"wp","href":"https:\/\/api.w.org\/{rel}","templated":true}]}}