{"id":1672,"date":"2022-04-06T18:58:13","date_gmt":"2022-04-06T16:58:13","guid":{"rendered":"https:\/\/agora.xtec.cat\/cfasalvadordali\/?p=1672"},"modified":"2025-02-18T12:12:46","modified_gmt":"2025-02-18T11:12:46","slug":"guerra-i-pau","status":"publish","type":"post","link":"https:\/\/agora.xtec.cat\/cfasalvadordali\/general\/guerra-i-pau\/","title":{"rendered":"Guerra i Pau"},"content":{"rendered":"<p>A partir del conflicte actual d&#8217;Ucra\u00efna amb R\u00fassia, els alumnes de Graduat en Educaci\u00f3 Secundaria han apr\u00e8s amb aquest treball conceptes relacionats amb conflictes armats que han tingut lloc durant aquest segles XX i XXI. Els estudiants han buscat semblances i difer\u00e8ncies entre conflictes, han conegut personatges hist\u00f2rics femenins que han estat ocultats per les fonts oficials i han descobert el paper del periodisme a les guerres. Relacionat amb la guerra, hem reflexionat sobre all\u00f2 que significa ser immigrant i refugiat. Finalment ,hem fet jocs de role-play per aprendre que la millor forma de resoldre els conflictes \u00e9s a trav\u00e9s del di\u00e0leg.<\/p>\n<p>(Unitat did\u00e0ctica dissenyada i elaborada per Yago Calbet)<\/p>\n<p><a href=\"https:\/\/agora.xtec.cat\/cfasalvadordali\/wp-content\/uploads\/usu363\/2022\/04\/portada-documento.png\"><img decoding=\"async\" loading=\"lazy\" class=\"alignnone wp-image-1681\" src=\"https:\/\/agora.xtec.cat\/cfasalvadordali\/wp-content\/uploads\/usu363\/2022\/04\/portada-documento-724x1024.png\" alt=\"\" width=\"609\" height=\"860\" srcset=\"https:\/\/agora.xtec.cat\/cfasalvadordali\/wp-content\/uploads\/usu363\/2022\/04\/portada-documento-724x1024.png 724w, https:\/\/agora.xtec.cat\/cfasalvadordali\/wp-content\/uploads\/usu363\/2022\/04\/portada-documento-212x300.png 212w, https:\/\/agora.xtec.cat\/cfasalvadordali\/wp-content\/uploads\/usu363\/2022\/04\/portada-documento-768x1086.png 768w, https:\/\/agora.xtec.cat\/cfasalvadordali\/wp-content\/uploads\/usu363\/2022\/04\/portada-documento-1086x1536.png 1086w, https:\/\/agora.xtec.cat\/cfasalvadordali\/wp-content\/uploads\/usu363\/2022\/04\/portada-documento.png 1414w\" sizes=\"auto, (max-width: 609px) 100vw, 609px\" \/><\/a><a href=\"https:\/\/agora.xtec.cat\/cfasalvadordali\/wp-content\/uploads\/usu363\/2022\/04\/graficos.png\"><img decoding=\"async\" loading=\"lazy\" class=\"alignnone wp-image-1679\" src=\"https:\/\/agora.xtec.cat\/cfasalvadordali\/wp-content\/uploads\/usu363\/2022\/04\/graficos-724x1024.png\" alt=\"\" width=\"610\" height=\"863\" srcset=\"https:\/\/agora.xtec.cat\/cfasalvadordali\/wp-content\/uploads\/usu363\/2022\/04\/graficos-724x1024.png 724w, https:\/\/agora.xtec.cat\/cfasalvadordali\/wp-content\/uploads\/usu363\/2022\/04\/graficos-212x300.png 212w, https:\/\/agora.xtec.cat\/cfasalvadordali\/wp-content\/uploads\/usu363\/2022\/04\/graficos-768x1086.png 768w, https:\/\/agora.xtec.cat\/cfasalvadordali\/wp-content\/uploads\/usu363\/2022\/04\/graficos-1086x1536.png 1086w, https:\/\/agora.xtec.cat\/cfasalvadordali\/wp-content\/uploads\/usu363\/2022\/04\/graficos.png 1414w\" sizes=\"auto, (max-width: 610px) 100vw, 610px\" \/><\/a><a href=\"https:\/\/agora.xtec.cat\/cfasalvadordali\/wp-content\/uploads\/usu363\/2022\/04\/graficos-2.png\"><img decoding=\"async\" loading=\"lazy\" class=\"alignnone wp-image-1678\" src=\"https:\/\/agora.xtec.cat\/cfasalvadordali\/wp-content\/uploads\/usu363\/2022\/04\/graficos-2-724x1024.png\" alt=\"\" width=\"612\" height=\"865\" srcset=\"https:\/\/agora.xtec.cat\/cfasalvadordali\/wp-content\/uploads\/usu363\/2022\/04\/graficos-2-724x1024.png 724w, https:\/\/agora.xtec.cat\/cfasalvadordali\/wp-content\/uploads\/usu363\/2022\/04\/graficos-2-212x300.png 212w, https:\/\/agora.xtec.cat\/cfasalvadordali\/wp-content\/uploads\/usu363\/2022\/04\/graficos-2-768x1086.png 768w, https:\/\/agora.xtec.cat\/cfasalvadordali\/wp-content\/uploads\/usu363\/2022\/04\/graficos-2-1086x1536.png 1086w, https:\/\/agora.xtec.cat\/cfasalvadordali\/wp-content\/uploads\/usu363\/2022\/04\/graficos-2.png 1414w\" sizes=\"auto, (max-width: 612px) 100vw, 612px\" \/><\/a> <a href=\"https:\/\/agora.xtec.cat\/cfasalvadordali\/wp-content\/uploads\/usu363\/2022\/04\/pagina-contenido-general.png\"><img decoding=\"async\" loading=\"lazy\" class=\"alignnone wp-image-1680\" src=\"https:\/\/agora.xtec.cat\/cfasalvadordali\/wp-content\/uploads\/usu363\/2022\/04\/pagina-contenido-general-724x1024.png\" alt=\"\" width=\"607\" height=\"859\" srcset=\"https:\/\/agora.xtec.cat\/cfasalvadordali\/wp-content\/uploads\/usu363\/2022\/04\/pagina-contenido-general-724x1024.png 724w, https:\/\/agora.xtec.cat\/cfasalvadordali\/wp-content\/uploads\/usu363\/2022\/04\/pagina-contenido-general-212x300.png 212w, https:\/\/agora.xtec.cat\/cfasalvadordali\/wp-content\/uploads\/usu363\/2022\/04\/pagina-contenido-general-768x1086.png 768w, https:\/\/agora.xtec.cat\/cfasalvadordali\/wp-content\/uploads\/usu363\/2022\/04\/pagina-contenido-general-1086x1536.png 1086w, https:\/\/agora.xtec.cat\/cfasalvadordali\/wp-content\/uploads\/usu363\/2022\/04\/pagina-contenido-general.png 1414w\" sizes=\"auto, (max-width: 607px) 100vw, 607px\" \/><\/a><\/p>\n","protected":false},"excerpt":{"rendered":"<p>A partir del conflicte actual d&#8217;Ucra\u00efna amb R\u00fassia, els alumnes de Graduat en Educaci\u00f3 Secundaria han apr\u00e8s amb aquest treball conceptes relacionats amb conflictes armats que han tingut lloc durant aquest segles XX i XXI. Els estudiants han buscat semblances i difer\u00e8ncies entre conflictes, han&hellip;  <a href=\"https:\/\/agora.xtec.cat\/cfasalvadordali\/general\/guerra-i-pau\/\" title=\"Read Guerra i Pau\">Llegeix m\u00e9s\u00bb<\/a><\/p>\n","protected":false},"author":1,"featured_media":1681,"comment_status":"open","ping_status":"closed","sticky":false,"template":"","format":"standard","meta":{"_bbp_topic_count":0,"_bbp_reply_count":0,"_bbp_total_topic_count":0,"_bbp_total_reply_count":0,"_bbp_voice_count":0,"_bbp_anonymous_reply_count":0,"_bbp_topic_count_hidden":0,"_bbp_reply_count_hidden":0,"_bbp_forum_subforum_count":0,"footnotes":""},"categories":[96,1,84,86,29],"tags":[],"class_list":["post-1672","post","type-post","status-publish","format-standard","has-post-thumbnail","hentry","category-activitats-culturals","category-general","category-ges1","category-ges2","category-portada"],"post_mailing_queue_ids":[],"_links":{"self":[{"href":"https:\/\/agora.xtec.cat\/cfasalvadordali\/wp-json\/wp\/v2\/posts\/1672","targetHints":{"allow":["GET"]}}],"collection":[{"href":"https:\/\/agora.xtec.cat\/cfasalvadordali\/wp-json\/wp\/v2\/posts"}],"about":[{"href":"https:\/\/agora.xtec.cat\/cfasalvadordali\/wp-json\/wp\/v2\/types\/post"}],"author":[{"embeddable":true,"href":"https:\/\/agora.xtec.cat\/cfasalvadordali\/wp-json\/wp\/v2\/users\/1"}],"replies":[{"embeddable":true,"href":"https:\/\/agora.xtec.cat\/cfasalvadordali\/wp-json\/wp\/v2\/comments?post=1672"}],"version-history":[{"count":6,"href":"https:\/\/agora.xtec.cat\/cfasalvadordali\/wp-json\/wp\/v2\/posts\/1672\/revisions"}],"predecessor-version":[{"id":3502,"href":"https:\/\/agora.xtec.cat\/cfasalvadordali\/wp-json\/wp\/v2\/posts\/1672\/revisions\/3502"}],"wp:featuredmedia":[{"embeddable":true,"href":"https:\/\/agora.xtec.cat\/cfasalvadordali\/wp-json\/wp\/v2\/media\/1681"}],"wp:attachment":[{"href":"https:\/\/agora.xtec.cat\/cfasalvadordali\/wp-json\/wp\/v2\/media?parent=1672"}],"wp:term":[{"taxonomy":"category","embeddable":true,"href":"https:\/\/agora.xtec.cat\/cfasalvadordali\/wp-json\/wp\/v2\/categories?post=1672"},{"taxonomy":"post_tag","embeddable":true,"href":"https:\/\/agora.xtec.cat\/cfasalvadordali\/wp-json\/wp\/v2\/tags?post=1672"}],"curies":[{"name":"wp","href":"https:\/\/api.w.org\/{rel}","templated":true}]}}