{"id":1658,"date":"2022-03-09T16:15:32","date_gmt":"2022-03-09T15:15:32","guid":{"rendered":"https:\/\/agora.xtec.cat\/cfasalvadordali\/?p=1658"},"modified":"2022-03-09T19:13:02","modified_gmt":"2022-03-09T18:13:02","slug":"dia-de-la-dona-al-cfa-salvador-dali","status":"publish","type":"post","link":"https:\/\/agora.xtec.cat\/cfasalvadordali\/general\/dia-de-la-dona-al-cfa-salvador-dali\/","title":{"rendered":"Dia de la Dona al CFA Salvador Dal\u00ed!"},"content":{"rendered":"<p>L&#8217;alumnat del CFA Salvador Dal\u00ed celebra una jornada reivindicativa en motiu del Dia de la Dona. L&#8217;alumnat va tenir l&#8217;oportunitat de visitar la exposici\u00f3 col\u00b7locada en la zona central on es va fer un exercici de reflexi\u00f3 sobre que son les viol\u00e8ncies sexuals i com els homes poden ajudar a eradicar la viol\u00e8ncia masclista.<a href=\"https:\/\/agora.xtec.cat\/cfasalvadordali\/wp-content\/uploads\/usu363\/2022\/03\/IMG_0011-scaled.jpg\"><img loading=\"lazy\" decoding=\"async\" class=\"alignnone size-large wp-image-1659\" src=\"https:\/\/agora.xtec.cat\/cfasalvadordali\/wp-content\/uploads\/usu363\/2022\/03\/IMG_0011-1024x575.jpg\" alt=\"\" width=\"1024\" height=\"575\" srcset=\"https:\/\/agora.xtec.cat\/cfasalvadordali\/wp-content\/uploads\/usu363\/2022\/03\/IMG_0011-1024x575.jpg 1024w, https:\/\/agora.xtec.cat\/cfasalvadordali\/wp-content\/uploads\/usu363\/2022\/03\/IMG_0011-300x168.jpg 300w, https:\/\/agora.xtec.cat\/cfasalvadordali\/wp-content\/uploads\/usu363\/2022\/03\/IMG_0011-768x431.jpg 768w, https:\/\/agora.xtec.cat\/cfasalvadordali\/wp-content\/uploads\/usu363\/2022\/03\/IMG_0011-1536x862.jpg 1536w, https:\/\/agora.xtec.cat\/cfasalvadordali\/wp-content\/uploads\/usu363\/2022\/03\/IMG_0011-2048x1150.jpg 2048w\" sizes=\"auto, (max-width: 1024px) 100vw, 1024px\" \/><\/a><\/p>\n","protected":false},"excerpt":{"rendered":"<p>L&#8217;alumnat del CFA Salvador Dal\u00ed celebra una jornada reivindicativa en motiu del Dia de la Dona. L&#8217;alumnat va tenir l&#8217;oportunitat de visitar la exposici\u00f3 col\u00b7locada en la zona central on es va fer un exercici de reflexi\u00f3 sobre que son les viol\u00e8ncies sexuals i com&hellip;  <a href=\"https:\/\/agora.xtec.cat\/cfasalvadordali\/general\/dia-de-la-dona-al-cfa-salvador-dali\/\" title=\"Read Dia de la Dona al CFA Salvador Dal\u00ed!\">Llegeix m\u00e9s\u00bb<\/a><\/p>\n","protected":false},"author":1,"featured_media":0,"comment_status":"open","ping_status":"closed","sticky":false,"template":"","format":"standard","meta":{"_bbp_topic_count":0,"_bbp_reply_count":0,"_bbp_total_topic_count":0,"_bbp_total_reply_count":0,"_bbp_voice_count":0,"_bbp_anonymous_reply_count":0,"_bbp_topic_count_hidden":0,"_bbp_reply_count_hidden":0,"_bbp_forum_subforum_count":0,"footnotes":""},"categories":[1,29],"tags":[],"class_list":["post-1658","post","type-post","status-publish","format-standard","hentry","category-general","category-portada"],"post_mailing_queue_ids":[],"_links":{"self":[{"href":"https:\/\/agora.xtec.cat\/cfasalvadordali\/wp-json\/wp\/v2\/posts\/1658","targetHints":{"allow":["GET"]}}],"collection":[{"href":"https:\/\/agora.xtec.cat\/cfasalvadordali\/wp-json\/wp\/v2\/posts"}],"about":[{"href":"https:\/\/agora.xtec.cat\/cfasalvadordali\/wp-json\/wp\/v2\/types\/post"}],"author":[{"embeddable":true,"href":"https:\/\/agora.xtec.cat\/cfasalvadordali\/wp-json\/wp\/v2\/users\/1"}],"replies":[{"embeddable":true,"href":"https:\/\/agora.xtec.cat\/cfasalvadordali\/wp-json\/wp\/v2\/comments?post=1658"}],"version-history":[{"count":1,"href":"https:\/\/agora.xtec.cat\/cfasalvadordali\/wp-json\/wp\/v2\/posts\/1658\/revisions"}],"predecessor-version":[{"id":1660,"href":"https:\/\/agora.xtec.cat\/cfasalvadordali\/wp-json\/wp\/v2\/posts\/1658\/revisions\/1660"}],"wp:attachment":[{"href":"https:\/\/agora.xtec.cat\/cfasalvadordali\/wp-json\/wp\/v2\/media?parent=1658"}],"wp:term":[{"taxonomy":"category","embeddable":true,"href":"https:\/\/agora.xtec.cat\/cfasalvadordali\/wp-json\/wp\/v2\/categories?post=1658"},{"taxonomy":"post_tag","embeddable":true,"href":"https:\/\/agora.xtec.cat\/cfasalvadordali\/wp-json\/wp\/v2\/tags?post=1658"}],"curies":[{"name":"wp","href":"https:\/\/api.w.org\/{rel}","templated":true}]}}