{"id":1624,"date":"2022-01-28T15:12:12","date_gmt":"2022-01-28T14:12:12","guid":{"rendered":"https:\/\/agora.xtec.cat\/cfasalvadordali\/?p=1624"},"modified":"2022-01-31T14:34:39","modified_gmt":"2022-01-31T13:34:39","slug":"coneix-les-llengues-del-mon","status":"publish","type":"post","link":"https:\/\/agora.xtec.cat\/cfasalvadordali\/portada\/coneix-les-llengues-del-mon\/","title":{"rendered":"CONEIX LES LLENG\u00dcES DEL M\u00d3N"},"content":{"rendered":"<p data-wp-editing=\"1\">A l&#8217;escola hem iniciat un projecte on volem donar a con\u00e8ixer les diferents lleng\u00fces i cultures que formen part del nostre m\u00f3n. Hem comen\u00e7at treballant la cultura Xina i tamb\u00e9, hem conegut quins s\u00f3n els principals pa\u00efsos de parla anglesa i els monuments m\u00e9s importants de cada un d&#8217;ells. Per dur a terme aquest projecte hem creat grans murals on podem visualitzar tota la informaci\u00f3 necess\u00e0ria i on alguns alumnes, uns d&#8217;origen xin\u00e8s i altres estudiants d&#8217;angl\u00e8s, han fet una petita presentaci\u00f3 explicant als seus companys el contingut treballat.<\/p>\n<h4 style=\"text-align: center;\"><span style=\"color: #e87979;\">\u00a0 <strong>Ho hem passat genial! <\/strong><\/span><\/h4>\n<p><a href=\"https:\/\/agora.xtec.cat\/cfasalvadordali\/wp-content\/uploads\/usu363\/2022\/01\/IMG_0002-scaled.jpg\"><img loading=\"lazy\" decoding=\"async\" class=\"wp-image-1628 alignright\" src=\"https:\/\/agora.xtec.cat\/cfasalvadordali\/wp-content\/uploads\/usu363\/2022\/01\/IMG_0002-1024x575.jpg\" alt=\"\" width=\"490\" height=\"274\" srcset=\"https:\/\/agora.xtec.cat\/cfasalvadordali\/wp-content\/uploads\/usu363\/2022\/01\/IMG_0002-1024x575.jpg 1024w, https:\/\/agora.xtec.cat\/cfasalvadordali\/wp-content\/uploads\/usu363\/2022\/01\/IMG_0002-300x168.jpg 300w, https:\/\/agora.xtec.cat\/cfasalvadordali\/wp-content\/uploads\/usu363\/2022\/01\/IMG_0002-768x431.jpg 768w, https:\/\/agora.xtec.cat\/cfasalvadordali\/wp-content\/uploads\/usu363\/2022\/01\/IMG_0002-1536x862.jpg 1536w, https:\/\/agora.xtec.cat\/cfasalvadordali\/wp-content\/uploads\/usu363\/2022\/01\/IMG_0002-2048x1150.jpg 2048w\" sizes=\"auto, (max-width: 490px) 100vw, 490px\" \/><\/a><a href=\"https:\/\/agora.xtec.cat\/cfasalvadordali\/wp-content\/uploads\/usu363\/2022\/01\/IMG_0003-scaled.jpg\"><img loading=\"lazy\" decoding=\"async\" class=\"wp-image-1629 alignnone alignright\" src=\"https:\/\/agora.xtec.cat\/cfasalvadordali\/wp-content\/uploads\/usu363\/2022\/01\/IMG_0003-1024x575.jpg\" alt=\"\" width=\"493\" height=\"277\" srcset=\"https:\/\/agora.xtec.cat\/cfasalvadordali\/wp-content\/uploads\/usu363\/2022\/01\/IMG_0003-1024x575.jpg 1024w, https:\/\/agora.xtec.cat\/cfasalvadordali\/wp-content\/uploads\/usu363\/2022\/01\/IMG_0003-300x168.jpg 300w, https:\/\/agora.xtec.cat\/cfasalvadordali\/wp-content\/uploads\/usu363\/2022\/01\/IMG_0003-768x431.jpg 768w, https:\/\/agora.xtec.cat\/cfasalvadordali\/wp-content\/uploads\/usu363\/2022\/01\/IMG_0003-1536x862.jpg 1536w, https:\/\/agora.xtec.cat\/cfasalvadordali\/wp-content\/uploads\/usu363\/2022\/01\/IMG_0003-2048x1150.jpg 2048w\" sizes=\"auto, (max-width: 493px) 100vw, 493px\" \/><\/a><\/p>\n","protected":false},"excerpt":{"rendered":"<p>A l&#8217;escola hem iniciat un projecte on volem donar a con\u00e8ixer les diferents lleng\u00fces i cultures que formen part del nostre m\u00f3n. Hem comen\u00e7at treballant la cultura Xina i tamb\u00e9, hem conegut quins s\u00f3n els principals pa\u00efsos de parla anglesa i els monuments m\u00e9s importants&hellip;  <a href=\"https:\/\/agora.xtec.cat\/cfasalvadordali\/portada\/coneix-les-llengues-del-mon\/\" title=\"Read CONEIX LES LLENG\u00dcES DEL M\u00d3N\">Llegeix m\u00e9s\u00bb<\/a><\/p>\n","protected":false},"author":54,"featured_media":0,"comment_status":"open","ping_status":"closed","sticky":false,"template":"","format":"standard","meta":{"_bbp_topic_count":0,"_bbp_reply_count":0,"_bbp_total_topic_count":0,"_bbp_total_reply_count":0,"_bbp_voice_count":0,"_bbp_anonymous_reply_count":0,"_bbp_topic_count_hidden":0,"_bbp_reply_count_hidden":0,"_bbp_forum_subforum_count":0,"footnotes":""},"categories":[29],"tags":[],"class_list":["post-1624","post","type-post","status-publish","format-standard","hentry","category-portada"],"post_mailing_queue_ids":[],"_links":{"self":[{"href":"https:\/\/agora.xtec.cat\/cfasalvadordali\/wp-json\/wp\/v2\/posts\/1624","targetHints":{"allow":["GET"]}}],"collection":[{"href":"https:\/\/agora.xtec.cat\/cfasalvadordali\/wp-json\/wp\/v2\/posts"}],"about":[{"href":"https:\/\/agora.xtec.cat\/cfasalvadordali\/wp-json\/wp\/v2\/types\/post"}],"author":[{"embeddable":true,"href":"https:\/\/agora.xtec.cat\/cfasalvadordali\/wp-json\/wp\/v2\/users\/54"}],"replies":[{"embeddable":true,"href":"https:\/\/agora.xtec.cat\/cfasalvadordali\/wp-json\/wp\/v2\/comments?post=1624"}],"version-history":[{"count":3,"href":"https:\/\/agora.xtec.cat\/cfasalvadordali\/wp-json\/wp\/v2\/posts\/1624\/revisions"}],"predecessor-version":[{"id":1635,"href":"https:\/\/agora.xtec.cat\/cfasalvadordali\/wp-json\/wp\/v2\/posts\/1624\/revisions\/1635"}],"wp:attachment":[{"href":"https:\/\/agora.xtec.cat\/cfasalvadordali\/wp-json\/wp\/v2\/media?parent=1624"}],"wp:term":[{"taxonomy":"category","embeddable":true,"href":"https:\/\/agora.xtec.cat\/cfasalvadordali\/wp-json\/wp\/v2\/categories?post=1624"},{"taxonomy":"post_tag","embeddable":true,"href":"https:\/\/agora.xtec.cat\/cfasalvadordali\/wp-json\/wp\/v2\/tags?post=1624"}],"curies":[{"name":"wp","href":"https:\/\/api.w.org\/{rel}","templated":true}]}}