{"id":1489,"date":"2021-06-02T11:57:36","date_gmt":"2021-06-02T09:57:36","guid":{"rendered":"http:\/\/agora.xtec.cat\/cfasalvadordali\/?p=1489"},"modified":"2021-06-08T12:13:29","modified_gmt":"2021-06-08T10:13:29","slug":"dia-internacional-anti-tabac","status":"publish","type":"post","link":"https:\/\/agora.xtec.cat\/cfasalvadordali\/portada\/dia-internacional-anti-tabac\/","title":{"rendered":"DIA INTERNACIONAL ANTI TABAC"},"content":{"rendered":"<p style=\"text-align: center;\"><strong>FUMAR MATA<\/strong><\/p>\n<p><strong>EL DIA MUNDIAL CONTRA EL TABAC<\/strong> \u00e9s el 30 de maig i l&#8217;escola participa amb els equips m\u00e8dics del centre per a treballar en la conscienciaci\u00f3 del que significa fumar pel nostre cos.<\/p>\n<p>Aquest curs, els alumnes v\u00e0rem jugar al joc l\u00fadic de l&#8217;<strong>oca<\/strong>, on havia preguntes sobre el tabac, l&#8217;objectiu era respondre correctament\u00a0 per a poder avan\u00e7ar HI Havia , tamb\u00e9, caselles on es veien imatges i cada una d&#8217;elles significava una penalitzaci\u00f3.<\/p>\n<p>Com a premi, als qui aconseguien arribar a la casella final ,rebien un encens, per a poder substituir el fum del tabac per alguna cosa millor.<\/p>\n<p>Els alumnes ho v\u00e0rem donar tot per guanyar i participar..<strong>MOLT DIVERTIT\u00a0<\/strong><\/p>\n<p><a href=\"https:\/\/agora.xtec.cat\/cfasalvadordali\/wp-content\/uploads\/usu363\/2021\/06\/WhatsApp-Image-2021-06-02-at-12.02.08.jpeg\"><img loading=\"lazy\" decoding=\"async\" class=\"aligncenter size-large wp-image-1491\" src=\"https:\/\/agora.xtec.cat\/cfasalvadordali\/wp-content\/uploads\/usu363\/2021\/06\/WhatsApp-Image-2021-06-02-at-12.02.08-768x1024.jpeg\" alt=\"\" width=\"768\" height=\"1024\" srcset=\"https:\/\/agora.xtec.cat\/cfasalvadordali\/wp-content\/uploads\/usu363\/2021\/06\/WhatsApp-Image-2021-06-02-at-12.02.08-768x1024.jpeg 768w, https:\/\/agora.xtec.cat\/cfasalvadordali\/wp-content\/uploads\/usu363\/2021\/06\/WhatsApp-Image-2021-06-02-at-12.02.08-225x300.jpeg 225w, https:\/\/agora.xtec.cat\/cfasalvadordali\/wp-content\/uploads\/usu363\/2021\/06\/WhatsApp-Image-2021-06-02-at-12.02.08.jpeg 1488w\" sizes=\"auto, (max-width: 768px) 100vw, 768px\" \/><\/a><\/p>\n<p><a href=\"https:\/\/agora.xtec.cat\/cfasalvadordali\/wp-content\/uploads\/usu363\/2021\/06\/WhatsApp-Image-2021-06-02-at-11.27.25-1-1.jpeg\"><img loading=\"lazy\" decoding=\"async\" class=\"aligncenter size-large wp-image-1485\" src=\"https:\/\/agora.xtec.cat\/cfasalvadordali\/wp-content\/uploads\/usu363\/2021\/06\/WhatsApp-Image-2021-06-02-at-11.27.25-1-1-768x1024.jpeg\" alt=\"\" width=\"768\" height=\"1024\" srcset=\"https:\/\/agora.xtec.cat\/cfasalvadordali\/wp-content\/uploads\/usu363\/2021\/06\/WhatsApp-Image-2021-06-02-at-11.27.25-1-1.jpeg 768w, https:\/\/agora.xtec.cat\/cfasalvadordali\/wp-content\/uploads\/usu363\/2021\/06\/WhatsApp-Image-2021-06-02-at-11.27.25-1-1-225x300.jpeg 225w\" sizes=\"auto, (max-width: 768px) 100vw, 768px\" \/><\/a><\/p>\n","protected":false},"excerpt":{"rendered":"<p>FUMAR MATA<br \/>\nEL DIA MUNDIAL CONTRA EL TABAC \u00e9s el 30 de maig i l&#8217;escola participa amb els equips m\u00e8dics del centre per a treballar en la conscienciaci\u00f3 del que significa fumar pel nostre cos.<br \/>\nAquest curs, els alumnes v\u00e0rem jugar al joc l\u00fadic de l&#8217;oca, on&hellip;  <a href=\"https:\/\/agora.xtec.cat\/cfasalvadordali\/portada\/dia-internacional-anti-tabac\/\" title=\"Read DIA INTERNACIONAL ANTI TABAC\">Llegeix m\u00e9s\u00bb<\/a><\/p>\n","protected":false},"author":54,"featured_media":0,"comment_status":"open","ping_status":"closed","sticky":false,"template":"","format":"standard","meta":{"_bbp_topic_count":0,"_bbp_reply_count":0,"_bbp_total_topic_count":0,"_bbp_total_reply_count":0,"_bbp_voice_count":0,"_bbp_anonymous_reply_count":0,"_bbp_topic_count_hidden":0,"_bbp_reply_count_hidden":0,"_bbp_forum_subforum_count":0,"footnotes":""},"categories":[29],"tags":[],"class_list":["post-1489","post","type-post","status-publish","format-standard","hentry","category-portada"],"post_mailing_queue_ids":[],"_links":{"self":[{"href":"https:\/\/agora.xtec.cat\/cfasalvadordali\/wp-json\/wp\/v2\/posts\/1489","targetHints":{"allow":["GET"]}}],"collection":[{"href":"https:\/\/agora.xtec.cat\/cfasalvadordali\/wp-json\/wp\/v2\/posts"}],"about":[{"href":"https:\/\/agora.xtec.cat\/cfasalvadordali\/wp-json\/wp\/v2\/types\/post"}],"author":[{"embeddable":true,"href":"https:\/\/agora.xtec.cat\/cfasalvadordali\/wp-json\/wp\/v2\/users\/54"}],"replies":[{"embeddable":true,"href":"https:\/\/agora.xtec.cat\/cfasalvadordali\/wp-json\/wp\/v2\/comments?post=1489"}],"version-history":[{"count":3,"href":"https:\/\/agora.xtec.cat\/cfasalvadordali\/wp-json\/wp\/v2\/posts\/1489\/revisions"}],"predecessor-version":[{"id":1509,"href":"https:\/\/agora.xtec.cat\/cfasalvadordali\/wp-json\/wp\/v2\/posts\/1489\/revisions\/1509"}],"wp:attachment":[{"href":"https:\/\/agora.xtec.cat\/cfasalvadordali\/wp-json\/wp\/v2\/media?parent=1489"}],"wp:term":[{"taxonomy":"category","embeddable":true,"href":"https:\/\/agora.xtec.cat\/cfasalvadordali\/wp-json\/wp\/v2\/categories?post=1489"},{"taxonomy":"post_tag","embeddable":true,"href":"https:\/\/agora.xtec.cat\/cfasalvadordali\/wp-json\/wp\/v2\/tags?post=1489"}],"curies":[{"name":"wp","href":"https:\/\/api.w.org\/{rel}","templated":true}]}}