{"id":1373,"date":"2020-11-13T16:52:48","date_gmt":"2020-11-13T15:52:48","guid":{"rendered":"http:\/\/agora.xtec.cat\/cfasalvadordali\/?p=1373"},"modified":"2020-11-13T17:27:50","modified_gmt":"2020-11-13T16:27:50","slug":"taller-de-naan","status":"publish","type":"post","link":"https:\/\/agora.xtec.cat\/cfasalvadordali\/portada\/taller-de-naan\/","title":{"rendered":"TALLER DE NAAN"},"content":{"rendered":"<p><a href=\"https:\/\/agora.xtec.cat\/cfasalvadordali\/wp-content\/uploads\/usu363\/2020\/11\/CRIS.jpg\"><img loading=\"lazy\" decoding=\"async\" class=\"aligncenter size-large wp-image-1376\" src=\"https:\/\/agora.xtec.cat\/cfasalvadordali\/wp-content\/uploads\/usu363\/2020\/11\/CRIS-768x1024.jpg\" alt=\"\" width=\"768\" height=\"1024\" srcset=\"https:\/\/agora.xtec.cat\/cfasalvadordali\/wp-content\/uploads\/usu363\/2020\/11\/CRIS-768x1024.jpg 768w, https:\/\/agora.xtec.cat\/cfasalvadordali\/wp-content\/uploads\/usu363\/2020\/11\/CRIS-225x300.jpg 225w, https:\/\/agora.xtec.cat\/cfasalvadordali\/wp-content\/uploads\/usu363\/2020\/11\/CRIS.jpg 1000w\" sizes=\"auto, (max-width: 768px) 100vw, 768px\" \/><\/a><\/p>\n<p>&nbsp;<\/p>\n<p><a href=\"https:\/\/agora.xtec.cat\/cfasalvadordali\/wp-content\/uploads\/usu363\/2020\/11\/naan.jpg\"><img loading=\"lazy\" decoding=\"async\" class=\"aligncenter size-large wp-image-1374\" src=\"https:\/\/agora.xtec.cat\/cfasalvadordali\/wp-content\/uploads\/usu363\/2020\/11\/naan-1024x1024.jpg\" alt=\"\" width=\"1024\" height=\"1024\" srcset=\"https:\/\/agora.xtec.cat\/cfasalvadordali\/wp-content\/uploads\/usu363\/2020\/11\/naan-1024x1024.jpg 1024w, https:\/\/agora.xtec.cat\/cfasalvadordali\/wp-content\/uploads\/usu363\/2020\/11\/naan-150x150.jpg 150w, https:\/\/agora.xtec.cat\/cfasalvadordali\/wp-content\/uploads\/usu363\/2020\/11\/naan-300x300.jpg 300w, https:\/\/agora.xtec.cat\/cfasalvadordali\/wp-content\/uploads\/usu363\/2020\/11\/naan-768x768.jpg 768w, https:\/\/agora.xtec.cat\/cfasalvadordali\/wp-content\/uploads\/usu363\/2020\/11\/naan.jpg 1200w\" sizes=\"auto, (max-width: 1024px) 100vw, 1024px\" \/><\/a><\/p>\n<p>&nbsp;<\/p>\n<p>Naan \u00e9s una paraula que significa &#8220;pa&#8221; en persa. Quant al seu origen, es diu que \u00e9s resultat d&#8217;un experiment despr\u00e9s de l&#8217;arribada del llevat a Egipte, per\u00f2 una altra teoria diu que va ser inventat pels mogols i perses al voltant de 1520. Avui en dia \u00e9s de consum corrent en diverses regions d&#8217;\u00c0sia Central i d&#8217;\u00c0sia del sud, per\u00f2 tamb\u00e9 a la resta del m\u00f3n, gr\u00e0cies a la popularitzaci\u00f3 de la cuina asi\u00e0tica. El Naan est\u00e0 fet amb farina de blat, mantega, sal, sucre i llevat i es pot farcir amb formatge, mantega o fins i tot amb fruita seca.<\/p>\n<p>En Shafaqat ens ha ofert un taller de Naans i l\u2019hem gaudit d\u2019all\u00f2 m\u00e9s . El resultat? Una massa tan suau com un coix\u00ed de plomes, tan saborosa que pots utilitzar-la com una cullera per devorar qualsevol menja!<\/p>\n<p>&nbsp;<\/p>\n<p>&nbsp;<\/p>\n","protected":false},"excerpt":{"rendered":"<p><a href=\"https:\/\/agora.xtec.cat\/cfasalvadordali\/wp-content\/uploads\/usu363\/2020\/11\/CRIS.jpg\"><\/a><br \/>\n&nbsp;<br \/>\n<a href=\"https:\/\/agora.xtec.cat\/cfasalvadordali\/wp-content\/uploads\/usu363\/2020\/11\/naan.jpg\"><\/a><br \/>\n&nbsp;<br \/>\nNaan \u00e9s una paraula que significa &#8220;pa&#8221; en persa. Quant al seu origen, es diu que \u00e9s resultat d&#8217;un experiment despr\u00e9s de l&#8217;arribada del llevat a Egipte, per\u00f2 una altra teoria diu que va ser inventat pels mogols i perses al voltant de&hellip;  <a href=\"https:\/\/agora.xtec.cat\/cfasalvadordali\/portada\/taller-de-naan\/\" title=\"Read TALLER DE NAAN\">Llegeix m\u00e9s\u00bb<\/a><\/p>\n","protected":false},"author":54,"featured_media":0,"comment_status":"open","ping_status":"closed","sticky":false,"template":"","format":"standard","meta":{"_bbp_topic_count":0,"_bbp_reply_count":0,"_bbp_total_topic_count":0,"_bbp_total_reply_count":0,"_bbp_voice_count":0,"_bbp_anonymous_reply_count":0,"_bbp_topic_count_hidden":0,"_bbp_reply_count_hidden":0,"_bbp_forum_subforum_count":0,"footnotes":""},"categories":[96,29],"tags":[],"class_list":["post-1373","post","type-post","status-publish","format-standard","hentry","category-activitats-culturals","category-portada"],"post_mailing_queue_ids":[],"_links":{"self":[{"href":"https:\/\/agora.xtec.cat\/cfasalvadordali\/wp-json\/wp\/v2\/posts\/1373","targetHints":{"allow":["GET"]}}],"collection":[{"href":"https:\/\/agora.xtec.cat\/cfasalvadordali\/wp-json\/wp\/v2\/posts"}],"about":[{"href":"https:\/\/agora.xtec.cat\/cfasalvadordali\/wp-json\/wp\/v2\/types\/post"}],"author":[{"embeddable":true,"href":"https:\/\/agora.xtec.cat\/cfasalvadordali\/wp-json\/wp\/v2\/users\/54"}],"replies":[{"embeddable":true,"href":"https:\/\/agora.xtec.cat\/cfasalvadordali\/wp-json\/wp\/v2\/comments?post=1373"}],"version-history":[{"count":3,"href":"https:\/\/agora.xtec.cat\/cfasalvadordali\/wp-json\/wp\/v2\/posts\/1373\/revisions"}],"predecessor-version":[{"id":1378,"href":"https:\/\/agora.xtec.cat\/cfasalvadordali\/wp-json\/wp\/v2\/posts\/1373\/revisions\/1378"}],"wp:attachment":[{"href":"https:\/\/agora.xtec.cat\/cfasalvadordali\/wp-json\/wp\/v2\/media?parent=1373"}],"wp:term":[{"taxonomy":"category","embeddable":true,"href":"https:\/\/agora.xtec.cat\/cfasalvadordali\/wp-json\/wp\/v2\/categories?post=1373"},{"taxonomy":"post_tag","embeddable":true,"href":"https:\/\/agora.xtec.cat\/cfasalvadordali\/wp-json\/wp\/v2\/tags?post=1373"}],"curies":[{"name":"wp","href":"https:\/\/api.w.org\/{rel}","templated":true}]}}