{"id":1363,"date":"2020-11-13T12:00:45","date_gmt":"2020-11-13T11:00:45","guid":{"rendered":"http:\/\/agora.xtec.cat\/cfasalvadordali\/?p=1363"},"modified":"2020-11-13T12:11:51","modified_gmt":"2020-11-13T11:11:51","slug":"alterarte-i-cfa-salvador-dali","status":"publish","type":"post","link":"https:\/\/agora.xtec.cat\/cfasalvadordali\/general\/alterarte-i-cfa-salvador-dali\/","title":{"rendered":"ALTERARTE I CFA SALVADOR DAL\u00cd"},"content":{"rendered":"<p>&nbsp;<\/p>\n<p style=\"text-align: left;\"><a href=\"https:\/\/agora.xtec.cat\/cfasalvadordali\/wp-content\/uploads\/usu363\/2020\/11\/logo-alterarte.jpg\"><img loading=\"lazy\" decoding=\"async\" class=\"wp-image-1364 size-full alignright\" src=\"https:\/\/agora.xtec.cat\/cfasalvadordali\/wp-content\/uploads\/usu363\/2020\/11\/logo-alterarte.jpg\" alt=\"\" width=\"172\" height=\"175\" \/><\/a>El programa art\u00edstic <em>AlterArte,\u00a0 de l&#8217;entitat Centre de Formaci\u00f3 i prevenci\u00f3 <\/em>i el <em>CFA Salvador Dal\u00ed<\/em> iniciem el \u00a0projecte art\u00edstic de col\u00b7laboraci\u00f3<strong> <em>DI\u00c0LEGS\u00a0 <\/em><\/strong><em>on els nostres alumnes tindran la oportunitat de participar en un intercanvi <\/em>art\u00edstic amb els usuaris d\u2019aquest equipament cultural que promou, entre d\u2019altres,\u00a0 sensibilitzar\u00a0 \u00a0la comunitat mitjan\u00e7ant\u00a0 intervencions art\u00edstiques.<\/p>\n<p>Alterarte, \u00e9s una proposta d\u2019equipament cultural \u00a0concebut per a desenvolupar una activitat art\u00edstica, formativa i de difusi\u00f3 de l\u2019art contemporani comprom\u00e8s amb la societat i el benestar de les persones.<\/p>\n<p>Per saber + d\u2019Alterarte: \u00a0<a href=\"http:\/\/programaalterarte.blogspot.com\/p\/inici.html\">http:\/\/programaalterarte.blogspot.com\/p\/inici.html<\/a><\/p>\n<p>&nbsp;<\/p>\n","protected":false},"excerpt":{"rendered":"<p>&nbsp;<br \/>\n<a href=\"https:\/\/agora.xtec.cat\/cfasalvadordali\/wp-content\/uploads\/usu363\/2020\/11\/logo-alterarte.jpg\"><\/a>El programa art\u00edstic AlterArte,\u00a0 de l&#8217;entitat Centre de Formaci\u00f3 i prevenci\u00f3 i el CFA Salvador Dal\u00ed iniciem el \u00a0projecte art\u00edstic de col\u00b7laboraci\u00f3 DI\u00c0LEGS\u00a0 on els nostres alumnes tindran la oportunitat de participar en un intercanvi art\u00edstic amb els usuaris d\u2019aquest equipament cultural que promou,&hellip;  <a href=\"https:\/\/agora.xtec.cat\/cfasalvadordali\/general\/alterarte-i-cfa-salvador-dali\/\" title=\"Read ALTERARTE I CFA SALVADOR DAL\u00cd\">Llegeix m\u00e9s\u00bb<\/a><\/p>\n","protected":false},"author":54,"featured_media":1364,"comment_status":"open","ping_status":"closed","sticky":false,"template":"","format":"standard","meta":{"_bbp_topic_count":0,"_bbp_reply_count":0,"_bbp_total_topic_count":0,"_bbp_total_reply_count":0,"_bbp_voice_count":0,"_bbp_anonymous_reply_count":0,"_bbp_topic_count_hidden":0,"_bbp_reply_count_hidden":0,"_bbp_forum_subforum_count":0,"footnotes":""},"categories":[96,1,29],"tags":[],"class_list":["post-1363","post","type-post","status-publish","format-standard","has-post-thumbnail","hentry","category-activitats-culturals","category-general","category-portada"],"post_mailing_queue_ids":[],"_links":{"self":[{"href":"https:\/\/agora.xtec.cat\/cfasalvadordali\/wp-json\/wp\/v2\/posts\/1363","targetHints":{"allow":["GET"]}}],"collection":[{"href":"https:\/\/agora.xtec.cat\/cfasalvadordali\/wp-json\/wp\/v2\/posts"}],"about":[{"href":"https:\/\/agora.xtec.cat\/cfasalvadordali\/wp-json\/wp\/v2\/types\/post"}],"author":[{"embeddable":true,"href":"https:\/\/agora.xtec.cat\/cfasalvadordali\/wp-json\/wp\/v2\/users\/54"}],"replies":[{"embeddable":true,"href":"https:\/\/agora.xtec.cat\/cfasalvadordali\/wp-json\/wp\/v2\/comments?post=1363"}],"version-history":[{"count":3,"href":"https:\/\/agora.xtec.cat\/cfasalvadordali\/wp-json\/wp\/v2\/posts\/1363\/revisions"}],"predecessor-version":[{"id":1372,"href":"https:\/\/agora.xtec.cat\/cfasalvadordali\/wp-json\/wp\/v2\/posts\/1363\/revisions\/1372"}],"wp:featuredmedia":[{"embeddable":true,"href":"https:\/\/agora.xtec.cat\/cfasalvadordali\/wp-json\/wp\/v2\/media\/1364"}],"wp:attachment":[{"href":"https:\/\/agora.xtec.cat\/cfasalvadordali\/wp-json\/wp\/v2\/media?parent=1363"}],"wp:term":[{"taxonomy":"category","embeddable":true,"href":"https:\/\/agora.xtec.cat\/cfasalvadordali\/wp-json\/wp\/v2\/categories?post=1363"},{"taxonomy":"post_tag","embeddable":true,"href":"https:\/\/agora.xtec.cat\/cfasalvadordali\/wp-json\/wp\/v2\/tags?post=1363"}],"curies":[{"name":"wp","href":"https:\/\/api.w.org\/{rel}","templated":true}]}}