{"id":1346,"date":"2020-10-29T09:49:20","date_gmt":"2020-10-29T08:49:20","guid":{"rendered":"http:\/\/agora.xtec.cat\/cfasalvadordali\/?p=1346"},"modified":"2025-02-18T11:52:27","modified_gmt":"2025-02-18T10:52:27","slug":"taller-de-cuines-del-mon","status":"publish","type":"post","link":"https:\/\/agora.xtec.cat\/cfasalvadordali\/general\/taller-de-cuines-del-mon\/","title":{"rendered":"TALLER DE CUINES DEL M\u00d3N"},"content":{"rendered":"<p><a href=\"https:\/\/agora.xtec.cat\/cfasalvadordali\/wp-content\/uploads\/usu363\/2020\/10\/thai-red-curry-tofu-1-3-720x405.jpg\"><img decoding=\"async\" loading=\"lazy\" class=\" wp-image-1349 alignleft\" src=\"https:\/\/agora.xtec.cat\/cfasalvadordali\/wp-content\/uploads\/usu363\/2020\/10\/thai-red-curry-tofu-1-3-720x405.jpg\" alt=\"\" width=\"494\" height=\"278\" srcset=\"https:\/\/agora.xtec.cat\/cfasalvadordali\/wp-content\/uploads\/usu363\/2020\/10\/thai-red-curry-tofu-1-3-720x405.jpg 720w, https:\/\/agora.xtec.cat\/cfasalvadordali\/wp-content\/uploads\/usu363\/2020\/10\/thai-red-curry-tofu-1-3-720x405-300x169.jpg 300w\" sizes=\"auto, (max-width: 494px) 100vw, 494px\" \/><\/a><\/p>\n<p>Els alumnes d&#8217;Angl\u00e8s 1, 2 i 3 del DMS estan fent durant aquest primer trimestre el taller <strong><em>&#8220;Cuines del m\u00f3n&#8221;.<\/em><\/strong> L\u2019objectiu \u00e9s compartir i aprendre a cuinar coses noves, con\u00e8ixer-nos i compartir un \u00e0pat. El projecte de Cuines del m\u00f3n parteix de diferents espais geogr\u00e0fics (la Mediterr\u00e0nia, Europa, Am\u00e8rica, \u00c0frica i \u00c0sia) per treballar de manera competencial el curr\u00edculum. Els objectius generals\u00a0 del taller s\u00f3n sensibilitzar als alumnes de les difer\u00e8ncies que existeixen en les diferents dietes en diferents llocs del m\u00f3n i de la seva pr\u00f2pia dieta i con\u00e8ixer la proced\u00e8ncia dels diferents aliments i les aportacions a la nostra dieta. Fins ara ens hem apropat a la cuina Mediterr\u00e0nia amb una recepta de l&#8217;orient mitj\u00e0 a partir de cigrons i tahini, hem fet un delici\u00f3s past\u00eds angl\u00e8s a base de pl\u00e0tans i tofee i una recepta tailandesa d&#8217;arr\u00f2s i curri.<\/p>\n<figure class=\"figure wp-caption aligncenter\"><a href=\"https:\/\/agora.xtec.cat\/cfasalvadordali\/wp-content\/uploads\/usu363\/2020\/10\/banofee.jpg\"><img decoding=\"async\" loading=\"lazy\" class=\"size-full wp-image-1348\" src=\"https:\/\/agora.xtec.cat\/cfasalvadordali\/wp-content\/uploads\/usu363\/2020\/10\/banofee.jpg\" alt=\"\" width=\"225\" height=\"225\" srcset=\"https:\/\/agora.xtec.cat\/cfasalvadordali\/wp-content\/uploads\/usu363\/2020\/10\/banofee.jpg 225w, https:\/\/agora.xtec.cat\/cfasalvadordali\/wp-content\/uploads\/usu363\/2020\/10\/banofee-150x150.jpg 150w\" sizes=\"auto, (max-width: 225px) 100vw, 225px\" \/><\/a><figcaption class=\"wp-caption-text\">El Banofee cake s\u00f3n unes postres t\u00edpiques d&#8217;Anglaterra.<\/figcaption><\/figure>\n<figure class=\"figure wp-caption aligncenter\"><a href=\"https:\/\/agora.xtec.cat\/cfasalvadordali\/wp-content\/uploads\/usu363\/2020\/10\/masabaja.jpg\"><img decoding=\"async\" loading=\"lazy\" class=\"size-full wp-image-1347\" src=\"https:\/\/agora.xtec.cat\/cfasalvadordali\/wp-content\/uploads\/usu363\/2020\/10\/masabaja.jpg\" alt=\"\" width=\"225\" height=\"225\" srcset=\"https:\/\/agora.xtec.cat\/cfasalvadordali\/wp-content\/uploads\/usu363\/2020\/10\/masabaja.jpg 225w, https:\/\/agora.xtec.cat\/cfasalvadordali\/wp-content\/uploads\/usu363\/2020\/10\/masabaja-150x150.jpg 150w\" sizes=\"auto, (max-width: 225px) 100vw, 225px\" \/><\/a><figcaption class=\"wp-caption-text\">El sabaja \u00e9s un plat t\u00edpic de l&#8217;orient mitj\u00e0 a base de cigrons i tahini.<\/figcaption><\/figure>\n<p>&nbsp;<\/p>\n<p>&nbsp;<\/p>\n","protected":false},"excerpt":{"rendered":"<p><a href=\"https:\/\/agora.xtec.cat\/cfasalvadordali\/wp-content\/uploads\/usu363\/2020\/10\/thai-red-curry-tofu-1-3-720x405.jpg\"><\/a><br \/>\nEls alumnes d&#8217;Angl\u00e8s 1, 2 i 3 del DMS estan fent durant aquest primer trimestre el taller &#8220;Cuines del m\u00f3n&#8221;. L\u2019objectiu \u00e9s compartir i aprendre a cuinar coses noves, con\u00e8ixer-nos i compartir un \u00e0pat. El projecte de Cuines del m\u00f3n parteix de diferents espais&hellip;  <a href=\"https:\/\/agora.xtec.cat\/cfasalvadordali\/general\/taller-de-cuines-del-mon\/\" title=\"Read TALLER DE CUINES DEL M\u00d3N\">Llegeix m\u00e9s\u00bb<\/a><\/p>\n","protected":false},"author":54,"featured_media":1347,"comment_status":"open","ping_status":"closed","sticky":false,"template":"","format":"standard","meta":{"_bbp_topic_count":0,"_bbp_reply_count":0,"_bbp_total_topic_count":0,"_bbp_total_reply_count":0,"_bbp_voice_count":0,"_bbp_anonymous_reply_count":0,"_bbp_topic_count_hidden":0,"_bbp_reply_count_hidden":0,"_bbp_forum_subforum_count":0,"footnotes":""},"categories":[96,119,1,29],"tags":[],"class_list":["post-1346","post","type-post","status-publish","format-standard","has-post-thumbnail","hentry","category-activitats-culturals","category-angles-3","category-general","category-portada"],"post_mailing_queue_ids":[],"_links":{"self":[{"href":"https:\/\/agora.xtec.cat\/cfasalvadordali\/wp-json\/wp\/v2\/posts\/1346","targetHints":{"allow":["GET"]}}],"collection":[{"href":"https:\/\/agora.xtec.cat\/cfasalvadordali\/wp-json\/wp\/v2\/posts"}],"about":[{"href":"https:\/\/agora.xtec.cat\/cfasalvadordali\/wp-json\/wp\/v2\/types\/post"}],"author":[{"embeddable":true,"href":"https:\/\/agora.xtec.cat\/cfasalvadordali\/wp-json\/wp\/v2\/users\/54"}],"replies":[{"embeddable":true,"href":"https:\/\/agora.xtec.cat\/cfasalvadordali\/wp-json\/wp\/v2\/comments?post=1346"}],"version-history":[{"count":6,"href":"https:\/\/agora.xtec.cat\/cfasalvadordali\/wp-json\/wp\/v2\/posts\/1346\/revisions"}],"predecessor-version":[{"id":3492,"href":"https:\/\/agora.xtec.cat\/cfasalvadordali\/wp-json\/wp\/v2\/posts\/1346\/revisions\/3492"}],"wp:featuredmedia":[{"embeddable":true,"href":"https:\/\/agora.xtec.cat\/cfasalvadordali\/wp-json\/wp\/v2\/media\/1347"}],"wp:attachment":[{"href":"https:\/\/agora.xtec.cat\/cfasalvadordali\/wp-json\/wp\/v2\/media?parent=1346"}],"wp:term":[{"taxonomy":"category","embeddable":true,"href":"https:\/\/agora.xtec.cat\/cfasalvadordali\/wp-json\/wp\/v2\/categories?post=1346"},{"taxonomy":"post_tag","embeddable":true,"href":"https:\/\/agora.xtec.cat\/cfasalvadordali\/wp-json\/wp\/v2\/tags?post=1346"}],"curies":[{"name":"wp","href":"https:\/\/api.w.org\/{rel}","templated":true}]}}