{"id":1330,"date":"2020-04-20T19:28:07","date_gmt":"2020-04-20T17:28:07","guid":{"rendered":"http:\/\/agora.xtec.cat\/cfasalvadordali\/?p=1330"},"modified":"2020-04-20T19:30:56","modified_gmt":"2020-04-20T17:30:56","slug":"cfa-salvador-dali-i-el-covid19","status":"publish","type":"post","link":"https:\/\/agora.xtec.cat\/cfasalvadordali\/general\/cfa-salvador-dali-i-el-covid19\/","title":{"rendered":"CFA Salvador Dal\u00ed i el COVID19"},"content":{"rendered":"<p>El Claustre del CFA Salvador Dal\u00ed ens\u00a0vam\u00a0reunir la setmana passada i vam decidir que far\u00edem arribar als nostres alumnes (a trav\u00e9s de la cartellera dels m\u00f2duls residencials) uns missatges d&#8217;\u00e0nim degut a la situaci\u00f3 excepcional que estan vivint (i que estem vivint tots).<\/p>\n<p><a href=\"https:\/\/agora.xtec.cat\/cfasalvadordali\/wp-content\/uploads\/usu363\/2020\/04\/Cartell-\u00e0nims-alumnes_page-0001.jpg\"><img loading=\"lazy\" decoding=\"async\" class=\"alignnone size-large wp-image-1332\" src=\"https:\/\/agora.xtec.cat\/cfasalvadordali\/wp-content\/uploads\/usu363\/2020\/04\/Cartell-\u00e0nims-alumnes_page-0001-1024x576.jpg\" alt=\"\" width=\"1024\" height=\"576\" srcset=\"https:\/\/agora.xtec.cat\/cfasalvadordali\/wp-content\/uploads\/usu363\/2020\/04\/Cartell-\u00e0nims-alumnes_page-0001-1024x576.jpg 1024w, https:\/\/agora.xtec.cat\/cfasalvadordali\/wp-content\/uploads\/usu363\/2020\/04\/Cartell-\u00e0nims-alumnes_page-0001-300x169.jpg 300w, https:\/\/agora.xtec.cat\/cfasalvadordali\/wp-content\/uploads\/usu363\/2020\/04\/Cartell-\u00e0nims-alumnes_page-0001-768x432.jpg 768w, https:\/\/agora.xtec.cat\/cfasalvadordali\/wp-content\/uploads\/usu363\/2020\/04\/Cartell-\u00e0nims-alumnes_page-0001.jpg 2000w\" sizes=\"auto, (max-width: 1024px) 100vw, 1024px\" \/><\/a><\/p>\n<p>Tamb\u00e9 vam decidir d&#8217;oferir-los la possibilitat de continuar amb la seva formaci\u00f3, i que ens organitzarem\u00a0per fer-los arribar les nostres propostes d&#8217;activitats\u00a0formatives.<\/p>\n<p>&nbsp;<\/p>\n<p><img loading=\"lazy\" decoding=\"async\" class=\"size-full wp-image-1333 aligncenter\" src=\"https:\/\/agora.xtec.cat\/cfasalvadordali\/wp-content\/uploads\/usu363\/2020\/04\/CFASD55.jpg\" alt=\"\" width=\"622\" height=\"800\" srcset=\"https:\/\/agora.xtec.cat\/cfasalvadordali\/wp-content\/uploads\/usu363\/2020\/04\/CFASD55.jpg 622w, https:\/\/agora.xtec.cat\/cfasalvadordali\/wp-content\/uploads\/usu363\/2020\/04\/CFASD55-233x300.jpg 233w\" sizes=\"auto, (max-width: 622px) 100vw, 622px\" \/><\/p>\n<p>Tots plegats, sense importar-nos la dist\u00e0ncia, superarem aquesta situaci\u00f3.<\/p>\n<p><strong>\u00c0NIMS!<\/strong><\/p>\n","protected":false},"excerpt":{"rendered":"<p>El Claustre del CFA Salvador Dal\u00ed ens\u00a0vam\u00a0reunir la setmana passada i vam decidir que far\u00edem arribar als nostres alumnes (a trav\u00e9s de la cartellera dels m\u00f2duls residencials) uns missatges d&#8217;\u00e0nim degut a la situaci\u00f3 excepcional que estan vivint (i que estem vivint tots).<br \/>\n<a href=\"https:\/\/agora.xtec.cat\/cfasalvadordali\/wp-content\/uploads\/usu363\/2020\/04\/Cartell-\u00e0nims-alumnes_page-0001.jpg\"><\/a><br \/>\nTamb\u00e9 vam&hellip;  <a href=\"https:\/\/agora.xtec.cat\/cfasalvadordali\/general\/cfa-salvador-dali-i-el-covid19\/\" title=\"Read CFA Salvador Dal\u00ed i el COVID19\">Llegeix m\u00e9s\u00bb<\/a><\/p>\n","protected":false},"author":1,"featured_media":1332,"comment_status":"open","ping_status":"closed","sticky":false,"template":"","format":"standard","meta":{"_bbp_topic_count":0,"_bbp_reply_count":0,"_bbp_total_topic_count":0,"_bbp_total_reply_count":0,"_bbp_voice_count":0,"_bbp_anonymous_reply_count":0,"_bbp_topic_count_hidden":0,"_bbp_reply_count_hidden":0,"_bbp_forum_subforum_count":0,"footnotes":""},"categories":[96,1,29],"tags":[],"class_list":["post-1330","post","type-post","status-publish","format-standard","has-post-thumbnail","hentry","category-activitats-culturals","category-general","category-portada"],"post_mailing_queue_ids":[],"_links":{"self":[{"href":"https:\/\/agora.xtec.cat\/cfasalvadordali\/wp-json\/wp\/v2\/posts\/1330","targetHints":{"allow":["GET"]}}],"collection":[{"href":"https:\/\/agora.xtec.cat\/cfasalvadordali\/wp-json\/wp\/v2\/posts"}],"about":[{"href":"https:\/\/agora.xtec.cat\/cfasalvadordali\/wp-json\/wp\/v2\/types\/post"}],"author":[{"embeddable":true,"href":"https:\/\/agora.xtec.cat\/cfasalvadordali\/wp-json\/wp\/v2\/users\/1"}],"replies":[{"embeddable":true,"href":"https:\/\/agora.xtec.cat\/cfasalvadordali\/wp-json\/wp\/v2\/comments?post=1330"}],"version-history":[{"count":2,"href":"https:\/\/agora.xtec.cat\/cfasalvadordali\/wp-json\/wp\/v2\/posts\/1330\/revisions"}],"predecessor-version":[{"id":1335,"href":"https:\/\/agora.xtec.cat\/cfasalvadordali\/wp-json\/wp\/v2\/posts\/1330\/revisions\/1335"}],"wp:featuredmedia":[{"embeddable":true,"href":"https:\/\/agora.xtec.cat\/cfasalvadordali\/wp-json\/wp\/v2\/media\/1332"}],"wp:attachment":[{"href":"https:\/\/agora.xtec.cat\/cfasalvadordali\/wp-json\/wp\/v2\/media?parent=1330"}],"wp:term":[{"taxonomy":"category","embeddable":true,"href":"https:\/\/agora.xtec.cat\/cfasalvadordali\/wp-json\/wp\/v2\/categories?post=1330"},{"taxonomy":"post_tag","embeddable":true,"href":"https:\/\/agora.xtec.cat\/cfasalvadordali\/wp-json\/wp\/v2\/tags?post=1330"}],"curies":[{"name":"wp","href":"https:\/\/api.w.org\/{rel}","templated":true}]}}