{"id":1313,"date":"2020-03-16T16:02:19","date_gmt":"2020-03-16T15:02:19","guid":{"rendered":"http:\/\/agora.xtec.cat\/cfasalvadordali\/?p=1313"},"modified":"2020-03-16T19:02:10","modified_gmt":"2020-03-16T18:02:10","slug":"lequip-vts-del-cfa-salvador-dali","status":"publish","type":"post","link":"https:\/\/agora.xtec.cat\/cfasalvadordali\/general\/lequip-vts-del-cfa-salvador-dali\/","title":{"rendered":"l&#8217;EQUIP VTS DEL CFA SALVADOR DAL\u00cd"},"content":{"rendered":"<p><a href=\"https:\/\/agora.xtec.cat\/cfasalvadordali\/wp-content\/uploads\/usu363\/2020\/03\/IMG_20200311_145355.jpg\"><img loading=\"lazy\" decoding=\"async\" class=\"aligncenter size-large wp-image-1314\" src=\"https:\/\/agora.xtec.cat\/cfasalvadordali\/wp-content\/uploads\/usu363\/2020\/03\/IMG_20200311_145355-1024x768.jpg\" alt=\"\" width=\"1024\" height=\"768\" srcset=\"https:\/\/agora.xtec.cat\/cfasalvadordali\/wp-content\/uploads\/usu363\/2020\/03\/IMG_20200311_145355.jpg 1024w, https:\/\/agora.xtec.cat\/cfasalvadordali\/wp-content\/uploads\/usu363\/2020\/03\/IMG_20200311_145355-300x225.jpg 300w, https:\/\/agora.xtec.cat\/cfasalvadordali\/wp-content\/uploads\/usu363\/2020\/03\/IMG_20200311_145355-768x576.jpg 768w, https:\/\/agora.xtec.cat\/cfasalvadordali\/wp-content\/uploads\/usu363\/2020\/03\/IMG_20200311_145355-200x150.jpg 200w\" sizes=\"auto, (max-width: 1024px) 100vw, 1024px\" \/><\/a><\/p>\n<p>L&#8217;equip d&#8217;innovaci\u00f3 educativa del CFA Salvador Dal\u00ed es reuneix per parlar del disseny i  la implementaci\u00f3 de la T\u00e8cnica VTS (Visual Thinking Strategies) a l&#8217;escola.<\/p>\n<p>https:\/\/www.museunacional.cat\/es\/experiencias-vts<a href=\"https:\/\/www.museunacional.cat\/es\/experiencias-vts\"><\/a><\/p>\n","protected":false},"excerpt":{"rendered":"<p><a href=\"https:\/\/agora.xtec.cat\/cfasalvadordali\/wp-content\/uploads\/usu363\/2020\/03\/IMG_20200311_145355.jpg\"><\/a><br \/>\nL&#8217;equip d&#8217;innovaci\u00f3 educativa del CFA Salvador Dal\u00ed es reuneix per parlar del disseny i  la implementaci\u00f3 de la T\u00e8cnica VTS (Visual Thinking Strategies) a l&#8217;escola.<br \/>\nhttps:\/\/www.museunacional.cat\/es\/experiencias-vts<a href=\"https:\/\/www.museunacional.cat\/es\/experiencias-vts\"><\/a><\/p>\n","protected":false},"author":54,"featured_media":1314,"comment_status":"open","ping_status":"closed","sticky":false,"template":"","format":"standard","meta":{"_bbp_topic_count":0,"_bbp_reply_count":0,"_bbp_total_topic_count":0,"_bbp_total_reply_count":0,"_bbp_voice_count":0,"_bbp_anonymous_reply_count":0,"_bbp_topic_count_hidden":0,"_bbp_reply_count_hidden":0,"_bbp_forum_subforum_count":0,"footnotes":""},"categories":[1,29],"tags":[],"class_list":["post-1313","post","type-post","status-publish","format-standard","has-post-thumbnail","hentry","category-general","category-portada"],"post_mailing_queue_ids":[],"_links":{"self":[{"href":"https:\/\/agora.xtec.cat\/cfasalvadordali\/wp-json\/wp\/v2\/posts\/1313","targetHints":{"allow":["GET"]}}],"collection":[{"href":"https:\/\/agora.xtec.cat\/cfasalvadordali\/wp-json\/wp\/v2\/posts"}],"about":[{"href":"https:\/\/agora.xtec.cat\/cfasalvadordali\/wp-json\/wp\/v2\/types\/post"}],"author":[{"embeddable":true,"href":"https:\/\/agora.xtec.cat\/cfasalvadordali\/wp-json\/wp\/v2\/users\/54"}],"replies":[{"embeddable":true,"href":"https:\/\/agora.xtec.cat\/cfasalvadordali\/wp-json\/wp\/v2\/comments?post=1313"}],"version-history":[{"count":3,"href":"https:\/\/agora.xtec.cat\/cfasalvadordali\/wp-json\/wp\/v2\/posts\/1313\/revisions"}],"predecessor-version":[{"id":1327,"href":"https:\/\/agora.xtec.cat\/cfasalvadordali\/wp-json\/wp\/v2\/posts\/1313\/revisions\/1327"}],"wp:featuredmedia":[{"embeddable":true,"href":"https:\/\/agora.xtec.cat\/cfasalvadordali\/wp-json\/wp\/v2\/media\/1314"}],"wp:attachment":[{"href":"https:\/\/agora.xtec.cat\/cfasalvadordali\/wp-json\/wp\/v2\/media?parent=1313"}],"wp:term":[{"taxonomy":"category","embeddable":true,"href":"https:\/\/agora.xtec.cat\/cfasalvadordali\/wp-json\/wp\/v2\/categories?post=1313"},{"taxonomy":"post_tag","embeddable":true,"href":"https:\/\/agora.xtec.cat\/cfasalvadordali\/wp-json\/wp\/v2\/tags?post=1313"}],"curies":[{"name":"wp","href":"https:\/\/api.w.org\/{rel}","templated":true}]}}