{"id":1302,"date":"2020-02-07T13:02:44","date_gmt":"2020-02-07T12:02:44","guid":{"rendered":"http:\/\/agora.xtec.cat\/cfasalvadordali\/?p=1302"},"modified":"2020-02-07T13:02:44","modified_gmt":"2020-02-07T12:02:44","slug":"stop-accidents","status":"publish","type":"post","link":"https:\/\/agora.xtec.cat\/cfasalvadordali\/general\/stop-accidents\/","title":{"rendered":"STOP ACCIDENTS"},"content":{"rendered":"<p>A l&#8217;escola hem recordat la import\u00e0ncia de la prevenci\u00f3 d&#8217;accidents a l&#8217;hora d&#8217;agafar la carretera, fent \u00fas de qualsevol mitj\u00e0 de transport.<\/p>\n<p><a href=\"https:\/\/agora.xtec.cat\/cfasalvadordali\/wp-content\/uploads\/usu363\/2020\/02\/19.jpg\"><img loading=\"lazy\" decoding=\"async\" class=\"size-large wp-image-1306 aligncenter\" src=\"https:\/\/agora.xtec.cat\/cfasalvadordali\/wp-content\/uploads\/usu363\/2020\/02\/19-1024x768.jpg\" alt=\"\" width=\"1024\" height=\"768\" srcset=\"https:\/\/agora.xtec.cat\/cfasalvadordali\/wp-content\/uploads\/usu363\/2020\/02\/19.jpg 1024w, https:\/\/agora.xtec.cat\/cfasalvadordali\/wp-content\/uploads\/usu363\/2020\/02\/19-300x225.jpg 300w, https:\/\/agora.xtec.cat\/cfasalvadordali\/wp-content\/uploads\/usu363\/2020\/02\/19-768x576.jpg 768w, https:\/\/agora.xtec.cat\/cfasalvadordali\/wp-content\/uploads\/usu363\/2020\/02\/19-200x150.jpg 200w\" sizes=\"auto, (max-width: 1024px) 100vw, 1024px\" \/><\/a><\/p>\n<p>Hem rebut la visita de l&#8217;Oriol, bomber, i de l&#8217;\u00c0ngel, v\u00edctima d&#8217;accident de tr\u00e0nsit ara fa 14 anys.<\/p>\n<p><a href=\"https:\/\/agora.xtec.cat\/cfasalvadordali\/wp-content\/uploads\/usu363\/2020\/02\/21.jpg\"><img loading=\"lazy\" decoding=\"async\" class=\"size-large wp-image-1308 aligncenter\" src=\"https:\/\/agora.xtec.cat\/cfasalvadordali\/wp-content\/uploads\/usu363\/2020\/02\/21-768x1024.jpg\" alt=\"\" width=\"768\" height=\"1024\" srcset=\"https:\/\/agora.xtec.cat\/cfasalvadordali\/wp-content\/uploads\/usu363\/2020\/02\/21-768x1024.jpg 768w, https:\/\/agora.xtec.cat\/cfasalvadordali\/wp-content\/uploads\/usu363\/2020\/02\/21-225x300.jpg 225w, https:\/\/agora.xtec.cat\/cfasalvadordali\/wp-content\/uploads\/usu363\/2020\/02\/21.jpg 1024w\" sizes=\"auto, (max-width: 768px) 100vw, 768px\" \/><\/a><\/p>\n<p>Els dos ens han explicat la seva experi\u00e8ncia vital. Un sobre la seva professi\u00f3, ajudant a les v\u00edctimes d&#8217;accidents de tr\u00e0nsit en les carreteres catalanes, que malauradament s\u00f3n conseq\u00fc\u00e8ncia d&#8217;un exc\u00e9s d&#8217;alcohol, velocitats desmesurades, distraccions pels m\u00f2bils, cansaments&#8230;<\/p>\n<p>L&#8217;\u00c0ngel, v\u00edctima d&#8217;un accident, va explicar la seva experi\u00e8ncia que va viure amb el seu accident i de com va canviar la seva vida a partir d&#8217;aqu\u00ed. La seva exposici\u00f3 va commoure tothom, per la gran dosi de patiment al llarg dels anys que ha patit. <a href=\"https:\/\/agora.xtec.cat\/cfasalvadordali\/wp-content\/uploads\/usu363\/2020\/02\/19.jpg\"><img loading=\"lazy\" decoding=\"async\" class=\"size-large wp-image-1306 aligncenter\" src=\"https:\/\/agora.xtec.cat\/cfasalvadordali\/wp-content\/uploads\/usu363\/2020\/02\/19-1024x768.jpg\" alt=\"\" width=\"1024\" height=\"768\" srcset=\"https:\/\/agora.xtec.cat\/cfasalvadordali\/wp-content\/uploads\/usu363\/2020\/02\/19.jpg 1024w, https:\/\/agora.xtec.cat\/cfasalvadordali\/wp-content\/uploads\/usu363\/2020\/02\/19-300x225.jpg 300w, https:\/\/agora.xtec.cat\/cfasalvadordali\/wp-content\/uploads\/usu363\/2020\/02\/19-768x576.jpg 768w, https:\/\/agora.xtec.cat\/cfasalvadordali\/wp-content\/uploads\/usu363\/2020\/02\/19-200x150.jpg 200w\" sizes=\"auto, (max-width: 1024px) 100vw, 1024px\" \/><\/a><\/p>\n<p>L&#8217;activitat va concloure amb una reflexi\u00f3 important: &#8220;Agafar el cotxe a la carretera obliga al conductor a ser responsable de no circular si no es troben plenes les capacitats f\u00edsiques i mentals, ja que les conseq\u00fc\u00e8ncies poden ser molt dures pel propi conductor i per les altres persones.<\/p>\n<p><a href=\"https:\/\/agora.xtec.cat\/cfasalvadordali\/wp-content\/uploads\/usu363\/2020\/02\/20.jpg\"><img loading=\"lazy\" decoding=\"async\" class=\"size-large wp-image-1307 aligncenter\" src=\"https:\/\/agora.xtec.cat\/cfasalvadordali\/wp-content\/uploads\/usu363\/2020\/02\/20-1024x768.jpg\" alt=\"\" width=\"1024\" height=\"768\" srcset=\"https:\/\/agora.xtec.cat\/cfasalvadordali\/wp-content\/uploads\/usu363\/2020\/02\/20.jpg 1024w, https:\/\/agora.xtec.cat\/cfasalvadordali\/wp-content\/uploads\/usu363\/2020\/02\/20-300x225.jpg 300w, https:\/\/agora.xtec.cat\/cfasalvadordali\/wp-content\/uploads\/usu363\/2020\/02\/20-768x576.jpg 768w, https:\/\/agora.xtec.cat\/cfasalvadordali\/wp-content\/uploads\/usu363\/2020\/02\/20-200x150.jpg 200w\" sizes=\"auto, (max-width: 1024px) 100vw, 1024px\" \/><\/a><\/p>\n","protected":false},"excerpt":{"rendered":"<p>A l&#8217;escola hem recordat la import\u00e0ncia de la prevenci\u00f3 d&#8217;accidents a l&#8217;hora d&#8217;agafar la carretera, fent \u00fas de qualsevol mitj\u00e0 de transport.<br \/>\n<a href=\"https:\/\/agora.xtec.cat\/cfasalvadordali\/wp-content\/uploads\/usu363\/2020\/02\/19.jpg\"><\/a><br \/>\nHem rebut la visita de l&#8217;Oriol, bomber, i de l&#8217;\u00c0ngel, v\u00edctima d&#8217;accident de tr\u00e0nsit ara fa 14 anys.<br \/>\n<a href=\"https:\/\/agora.xtec.cat\/cfasalvadordali\/wp-content\/uploads\/usu363\/2020\/02\/21.jpg\"><\/a><br \/>\nEls dos ens han explicat&hellip;  <a href=\"https:\/\/agora.xtec.cat\/cfasalvadordali\/general\/stop-accidents\/\" title=\"Read STOP ACCIDENTS\">Llegeix m\u00e9s\u00bb<\/a><\/p>\n","protected":false},"author":1,"featured_media":1306,"comment_status":"open","ping_status":"closed","sticky":false,"template":"","format":"standard","meta":{"_bbp_topic_count":0,"_bbp_reply_count":0,"_bbp_total_topic_count":0,"_bbp_total_reply_count":0,"_bbp_voice_count":0,"_bbp_anonymous_reply_count":0,"_bbp_topic_count_hidden":0,"_bbp_reply_count_hidden":0,"_bbp_forum_subforum_count":0,"footnotes":""},"categories":[1,29],"tags":[],"class_list":["post-1302","post","type-post","status-publish","format-standard","has-post-thumbnail","hentry","category-general","category-portada"],"post_mailing_queue_ids":[],"_links":{"self":[{"href":"https:\/\/agora.xtec.cat\/cfasalvadordali\/wp-json\/wp\/v2\/posts\/1302","targetHints":{"allow":["GET"]}}],"collection":[{"href":"https:\/\/agora.xtec.cat\/cfasalvadordali\/wp-json\/wp\/v2\/posts"}],"about":[{"href":"https:\/\/agora.xtec.cat\/cfasalvadordali\/wp-json\/wp\/v2\/types\/post"}],"author":[{"embeddable":true,"href":"https:\/\/agora.xtec.cat\/cfasalvadordali\/wp-json\/wp\/v2\/users\/1"}],"replies":[{"embeddable":true,"href":"https:\/\/agora.xtec.cat\/cfasalvadordali\/wp-json\/wp\/v2\/comments?post=1302"}],"version-history":[{"count":2,"href":"https:\/\/agora.xtec.cat\/cfasalvadordali\/wp-json\/wp\/v2\/posts\/1302\/revisions"}],"predecessor-version":[{"id":1309,"href":"https:\/\/agora.xtec.cat\/cfasalvadordali\/wp-json\/wp\/v2\/posts\/1302\/revisions\/1309"}],"wp:featuredmedia":[{"embeddable":true,"href":"https:\/\/agora.xtec.cat\/cfasalvadordali\/wp-json\/wp\/v2\/media\/1306"}],"wp:attachment":[{"href":"https:\/\/agora.xtec.cat\/cfasalvadordali\/wp-json\/wp\/v2\/media?parent=1302"}],"wp:term":[{"taxonomy":"category","embeddable":true,"href":"https:\/\/agora.xtec.cat\/cfasalvadordali\/wp-json\/wp\/v2\/categories?post=1302"},{"taxonomy":"post_tag","embeddable":true,"href":"https:\/\/agora.xtec.cat\/cfasalvadordali\/wp-json\/wp\/v2\/tags?post=1302"}],"curies":[{"name":"wp","href":"https:\/\/api.w.org\/{rel}","templated":true}]}}