{"id":1260,"date":"2020-01-15T13:58:38","date_gmt":"2020-01-15T12:58:38","guid":{"rendered":"http:\/\/agora.xtec.cat\/cfasalvadordali\/?p=1260"},"modified":"2020-01-21T15:11:40","modified_gmt":"2020-01-21T14:11:40","slug":"com-ens-imaginem-el-nostre-laberint","status":"publish","type":"post","link":"https:\/\/agora.xtec.cat\/cfasalvadordali\/general\/com-ens-imaginem-el-nostre-laberint\/","title":{"rendered":"Com ens imaginem el nostre laberint?"},"content":{"rendered":"<p>Us presentem un treball literari sorgit a partir de les inacabables hist\u00f2ries de la mitologia grega. Ja ho va escriure el professor Emilio Lled\u00f3: \u201cEstos griegos son acomplejantes\u201d i des del nostre humil coneixement afirmem que tenia ra\u00f3: les narracions gregues, malgrat ser pr\u00f2pies de molts segles passats -2800 anys- encara ens interpel\u00b7len, les podem interpretar, modernitzar i repensar.<\/p>\n<p>Aix\u00ed, sota aquesta premissa, l\u2019Anna i l\u2019Helena, les mestres de Comunicaci\u00f3, hem convidat els nostres alumnes a entrar en la ficci\u00f3 de Teseu i el Minotaure, d\u2019\u00cdcar i D\u00e8dal i de Perseu i Medusa, amb resultats sorprenents, com aquest audiorelat que us mostrem a continuaci\u00f3.<\/p>\n<p>El que veureu i sentireu \u00e9s el resultat final d\u2019un exercici literari sobre el mite del Minotaure, que ha compr\u00e8s la seva lectura, la interpretaci\u00f3 pl\u00e0stica i l\u2019escriptura creativa d\u2019un laberint propi. El pensament divergent i creatiu ha estat en un alt grau d\u2019ebullici\u00f3&#8230; Esperem que us agradi&#8230;<\/p>\n<p><iframe loading=\"lazy\" src=\"\/\/www.youtube.com\/embed\/Tx70DSv80yU\" width=\"560\" height=\"315\" frameborder=\"0\" allowfullscreen=\"allowfullscreen\"><\/iframe><\/p>\n","protected":false},"excerpt":{"rendered":"<p>Us presentem un treball literari sorgit a partir de les inacabables hist\u00f2ries de la mitologia grega. Ja ho va escriure el professor Emilio Lled\u00f3: \u201cEstos griegos son acomplejantes\u201d i des del nostre humil coneixement afirmem que tenia ra\u00f3: les narracions gregues, malgrat ser pr\u00f2pies de&hellip;  <a href=\"https:\/\/agora.xtec.cat\/cfasalvadordali\/general\/com-ens-imaginem-el-nostre-laberint\/\" title=\"Read Com ens imaginem el nostre laberint?\">Llegeix m\u00e9s\u00bb<\/a><\/p>\n","protected":false},"author":1,"featured_media":1264,"comment_status":"closed","ping_status":"closed","sticky":false,"template":"","format":"standard","meta":{"_bbp_topic_count":0,"_bbp_reply_count":0,"_bbp_total_topic_count":0,"_bbp_total_reply_count":0,"_bbp_voice_count":0,"_bbp_anonymous_reply_count":0,"_bbp_topic_count_hidden":0,"_bbp_reply_count_hidden":0,"_bbp_forum_subforum_count":0,"footnotes":""},"categories":[96,1,86,29],"tags":[],"class_list":["post-1260","post","type-post","status-publish","format-standard","has-post-thumbnail","hentry","category-activitats-culturals","category-general","category-ges2","category-portada"],"post_mailing_queue_ids":[],"_links":{"self":[{"href":"https:\/\/agora.xtec.cat\/cfasalvadordali\/wp-json\/wp\/v2\/posts\/1260","targetHints":{"allow":["GET"]}}],"collection":[{"href":"https:\/\/agora.xtec.cat\/cfasalvadordali\/wp-json\/wp\/v2\/posts"}],"about":[{"href":"https:\/\/agora.xtec.cat\/cfasalvadordali\/wp-json\/wp\/v2\/types\/post"}],"author":[{"embeddable":true,"href":"https:\/\/agora.xtec.cat\/cfasalvadordali\/wp-json\/wp\/v2\/users\/1"}],"replies":[{"embeddable":true,"href":"https:\/\/agora.xtec.cat\/cfasalvadordali\/wp-json\/wp\/v2\/comments?post=1260"}],"version-history":[{"count":3,"href":"https:\/\/agora.xtec.cat\/cfasalvadordali\/wp-json\/wp\/v2\/posts\/1260\/revisions"}],"predecessor-version":[{"id":1267,"href":"https:\/\/agora.xtec.cat\/cfasalvadordali\/wp-json\/wp\/v2\/posts\/1260\/revisions\/1267"}],"wp:featuredmedia":[{"embeddable":true,"href":"https:\/\/agora.xtec.cat\/cfasalvadordali\/wp-json\/wp\/v2\/media\/1264"}],"wp:attachment":[{"href":"https:\/\/agora.xtec.cat\/cfasalvadordali\/wp-json\/wp\/v2\/media?parent=1260"}],"wp:term":[{"taxonomy":"category","embeddable":true,"href":"https:\/\/agora.xtec.cat\/cfasalvadordali\/wp-json\/wp\/v2\/categories?post=1260"},{"taxonomy":"post_tag","embeddable":true,"href":"https:\/\/agora.xtec.cat\/cfasalvadordali\/wp-json\/wp\/v2\/tags?post=1260"}],"curies":[{"name":"wp","href":"https:\/\/api.w.org\/{rel}","templated":true}]}}