{"id":1236,"date":"2019-06-28T12:37:18","date_gmt":"2019-06-28T10:37:18","guid":{"rendered":"http:\/\/agora.xtec.cat\/cfasalvadordali\/?p=1236"},"modified":"2019-06-28T12:41:20","modified_gmt":"2019-06-28T10:41:20","slug":"barbacoa-final-de-curs-destudis-a-distancia","status":"publish","type":"post","link":"https:\/\/agora.xtec.cat\/cfasalvadordali\/general\/barbacoa-final-de-curs-destudis-a-distancia\/","title":{"rendered":"BARBACOA FINAL DE CURS D&#8217;ESTUDIS A DIST\u00c0NCIA"},"content":{"rendered":"<p>Com a cloenda del curs 2018\/19, els alumnes d&#8217;estudis a dist\u00e0ncia han compartit amb alguns docents del CFA Salvador Dal\u00ed una magn\u00edfica Barbacoa com a recompensa pels excel\u00b7lents resultats obtinguts.<\/p>\n<p>Enhorabona a tots!!<\/p>\n<p><a href=\"https:\/\/agora.xtec.cat\/cfasalvadordali\/wp-content\/uploads\/usu363\/2019\/06\/20190626_154314.jpg\"><br \/>\n<img loading=\"lazy\" decoding=\"async\" class=\"aligncenter size-large wp-image-1238\" src=\"https:\/\/agora.xtec.cat\/cfasalvadordali\/wp-content\/uploads\/usu363\/2019\/06\/20190626_154314-1024x768.jpg\" alt=\"\" width=\"1024\" height=\"768\" srcset=\"https:\/\/agora.xtec.cat\/cfasalvadordali\/wp-content\/uploads\/usu363\/2019\/06\/20190626_154314.jpg 1024w, https:\/\/agora.xtec.cat\/cfasalvadordali\/wp-content\/uploads\/usu363\/2019\/06\/20190626_154314-300x225.jpg 300w, https:\/\/agora.xtec.cat\/cfasalvadordali\/wp-content\/uploads\/usu363\/2019\/06\/20190626_154314-768x576.jpg 768w, https:\/\/agora.xtec.cat\/cfasalvadordali\/wp-content\/uploads\/usu363\/2019\/06\/20190626_154314-200x150.jpg 200w\" sizes=\"auto, (max-width: 1024px) 100vw, 1024px\" \/><\/a><\/p>\n<p>podeu veure totes les fotos al seg\u00fcent link:<\/p>\n<p>&nbsp;<\/p>\n<p><a href=\"https:\/\/drive.google.com\/drive\/folders\/1kJdu875MBoNvTBoSAYsAiqFTW1KQHkfm?usp=sharing\">https:\/\/drive.google.com\/drive\/folders\/1kJdu875MBoNvTBoSAYsAiqFTW1KQHkfm?usp=sharing<\/a><\/p>\n","protected":false},"excerpt":{"rendered":"<p>Com a cloenda del curs 2018\/19, els alumnes d&#8217;estudis a dist\u00e0ncia han compartit amb alguns docents del CFA Salvador Dal\u00ed una magn\u00edfica Barbacoa com a recompensa pels excel\u00b7lents resultats obtinguts.<br \/>\nEnhorabona a tots!!<br \/>\n<a href=\"https:\/\/agora.xtec.cat\/cfasalvadordali\/wp-content\/uploads\/usu363\/2019\/06\/20190626_154314.jpg\"><br \/>\n<\/a><br \/>\npodeu veure totes les fotos al seg\u00fcent link:<br \/>\n&nbsp;<br \/>\n<a href=\"https:\/\/drive.google.com\/drive\/folders\/1kJdu875MBoNvTBoSAYsAiqFTW1KQHkfm?usp=sharing\">https:\/\/drive.google.com\/drive\/folders\/1kJdu875MBoNvTBoSAYsAiqFTW1KQHkfm?usp=sharing<\/a><\/p>\n","protected":false},"author":54,"featured_media":1238,"comment_status":"open","ping_status":"closed","sticky":false,"template":"","format":"standard","meta":{"_bbp_topic_count":0,"_bbp_reply_count":0,"_bbp_total_topic_count":0,"_bbp_total_reply_count":0,"_bbp_voice_count":0,"_bbp_anonymous_reply_count":0,"_bbp_topic_count_hidden":0,"_bbp_reply_count_hidden":0,"_bbp_forum_subforum_count":0,"footnotes":""},"categories":[1,29],"tags":[],"class_list":["post-1236","post","type-post","status-publish","format-standard","has-post-thumbnail","hentry","category-general","category-portada"],"post_mailing_queue_ids":[],"_links":{"self":[{"href":"https:\/\/agora.xtec.cat\/cfasalvadordali\/wp-json\/wp\/v2\/posts\/1236","targetHints":{"allow":["GET"]}}],"collection":[{"href":"https:\/\/agora.xtec.cat\/cfasalvadordali\/wp-json\/wp\/v2\/posts"}],"about":[{"href":"https:\/\/agora.xtec.cat\/cfasalvadordali\/wp-json\/wp\/v2\/types\/post"}],"author":[{"embeddable":true,"href":"https:\/\/agora.xtec.cat\/cfasalvadordali\/wp-json\/wp\/v2\/users\/54"}],"replies":[{"embeddable":true,"href":"https:\/\/agora.xtec.cat\/cfasalvadordali\/wp-json\/wp\/v2\/comments?post=1236"}],"version-history":[{"count":2,"href":"https:\/\/agora.xtec.cat\/cfasalvadordali\/wp-json\/wp\/v2\/posts\/1236\/revisions"}],"predecessor-version":[{"id":1239,"href":"https:\/\/agora.xtec.cat\/cfasalvadordali\/wp-json\/wp\/v2\/posts\/1236\/revisions\/1239"}],"wp:featuredmedia":[{"embeddable":true,"href":"https:\/\/agora.xtec.cat\/cfasalvadordali\/wp-json\/wp\/v2\/media\/1238"}],"wp:attachment":[{"href":"https:\/\/agora.xtec.cat\/cfasalvadordali\/wp-json\/wp\/v2\/media?parent=1236"}],"wp:term":[{"taxonomy":"category","embeddable":true,"href":"https:\/\/agora.xtec.cat\/cfasalvadordali\/wp-json\/wp\/v2\/categories?post=1236"},{"taxonomy":"post_tag","embeddable":true,"href":"https:\/\/agora.xtec.cat\/cfasalvadordali\/wp-json\/wp\/v2\/tags?post=1236"}],"curies":[{"name":"wp","href":"https:\/\/api.w.org\/{rel}","templated":true}]}}