{"id":1201,"date":"2019-06-22T13:43:39","date_gmt":"2019-06-22T11:43:39","guid":{"rendered":"http:\/\/agora.xtec.cat\/cfasalvadordali\/?p=1201"},"modified":"2019-06-23T10:21:03","modified_gmt":"2019-06-23T08:21:03","slug":"la-visita-den-mike-a-la-classe-dangles","status":"publish","type":"post","link":"https:\/\/agora.xtec.cat\/cfasalvadordali\/general\/la-visita-den-mike-a-la-classe-dangles\/","title":{"rendered":"LA VISITA D&#8217;EN MIKE A LA CLASSE D&#8217;ANGL\u00c8S"},"content":{"rendered":"<p>&nbsp;<\/p>\n<p>En Mike va deixar els Estats Units per viatjar pel m\u00f3n. Despr\u00e8s de passar un temps per Centre Am\u00e8rica va decidir deixar-se caure al nostre pa\u00eds. \u00c9s un goig sentir parlar aquest home en un Catal\u00e0 perfecte amb el seu peculiar\u00a0 deix americ\u00e0. \u00c9s ben clar que en Mike t\u00e9 un talent innat per les lleng\u00fces. I d&#8217;aquest talent en va fer ofici. Aquest Nord americ\u00e0 s&#8217;ha passat una colla d&#8217;anys ensenyant angl\u00e8s a nois i noies d&#8217;una manera l\u00fadica i engrescadora. El seu enfocament, pel que fa a l&#8217;ensenyament de la llengua estrangera, \u00e9s inspirador i avui n&#8217;hem pogut gaudir a l&#8217;escola.\u00a0 Hem jugat a &#8220;Apples to Apples&#8221;, &#8220;Tak&#8221;i&#8230; per\u00f2 tamb\u00e9 hem conversat i hem compartit una estona magn\u00edfica.<\/p>\n<p>&nbsp;<\/p>\n<p><a href=\"https:\/\/agora.xtec.cat\/cfasalvadordali\/wp-content\/uploads\/usu363\/2019\/06\/paint.jpg\"><br \/>\n<img loading=\"lazy\" decoding=\"async\" class=\"aligncenter size-large wp-image-1202\" src=\"https:\/\/agora.xtec.cat\/cfasalvadordali\/wp-content\/uploads\/usu363\/2019\/06\/paint-768x1024.jpg\" alt=\"\" width=\"768\" height=\"1024\" srcset=\"https:\/\/agora.xtec.cat\/cfasalvadordali\/wp-content\/uploads\/usu363\/2019\/06\/paint-768x1024.jpg 768w, https:\/\/agora.xtec.cat\/cfasalvadordali\/wp-content\/uploads\/usu363\/2019\/06\/paint-225x300.jpg 225w, https:\/\/agora.xtec.cat\/cfasalvadordali\/wp-content\/uploads\/usu363\/2019\/06\/paint.jpg 1024w\" sizes=\"auto, (max-width: 768px) 100vw, 768px\" \/><\/a><\/p>\n","protected":false},"excerpt":{"rendered":"<p>EN MIKE ENS VISITA!&hellip;  <a href=\"https:\/\/agora.xtec.cat\/cfasalvadordali\/general\/la-visita-den-mike-a-la-classe-dangles\/\" title=\"Read LA VISITA D&#8217;EN MIKE A LA CLASSE D&#8217;ANGL\u00c8S\">Llegeix m\u00e9s\u00bb<\/a><\/p>\n","protected":false},"author":54,"featured_media":1202,"comment_status":"closed","ping_status":"closed","sticky":false,"template":"","format":"standard","meta":{"_bbp_topic_count":0,"_bbp_reply_count":0,"_bbp_total_topic_count":0,"_bbp_total_reply_count":0,"_bbp_voice_count":0,"_bbp_anonymous_reply_count":0,"_bbp_topic_count_hidden":0,"_bbp_reply_count_hidden":0,"_bbp_forum_subforum_count":0,"footnotes":""},"categories":[119,1],"tags":[],"class_list":["post-1201","post","type-post","status-publish","format-standard","has-post-thumbnail","hentry","category-angles-3","category-general"],"post_mailing_queue_ids":[],"_links":{"self":[{"href":"https:\/\/agora.xtec.cat\/cfasalvadordali\/wp-json\/wp\/v2\/posts\/1201","targetHints":{"allow":["GET"]}}],"collection":[{"href":"https:\/\/agora.xtec.cat\/cfasalvadordali\/wp-json\/wp\/v2\/posts"}],"about":[{"href":"https:\/\/agora.xtec.cat\/cfasalvadordali\/wp-json\/wp\/v2\/types\/post"}],"author":[{"embeddable":true,"href":"https:\/\/agora.xtec.cat\/cfasalvadordali\/wp-json\/wp\/v2\/users\/54"}],"replies":[{"embeddable":true,"href":"https:\/\/agora.xtec.cat\/cfasalvadordali\/wp-json\/wp\/v2\/comments?post=1201"}],"version-history":[{"count":2,"href":"https:\/\/agora.xtec.cat\/cfasalvadordali\/wp-json\/wp\/v2\/posts\/1201\/revisions"}],"predecessor-version":[{"id":1204,"href":"https:\/\/agora.xtec.cat\/cfasalvadordali\/wp-json\/wp\/v2\/posts\/1201\/revisions\/1204"}],"wp:featuredmedia":[{"embeddable":true,"href":"https:\/\/agora.xtec.cat\/cfasalvadordali\/wp-json\/wp\/v2\/media\/1202"}],"wp:attachment":[{"href":"https:\/\/agora.xtec.cat\/cfasalvadordali\/wp-json\/wp\/v2\/media?parent=1201"}],"wp:term":[{"taxonomy":"category","embeddable":true,"href":"https:\/\/agora.xtec.cat\/cfasalvadordali\/wp-json\/wp\/v2\/categories?post=1201"},{"taxonomy":"post_tag","embeddable":true,"href":"https:\/\/agora.xtec.cat\/cfasalvadordali\/wp-json\/wp\/v2\/tags?post=1201"}],"curies":[{"name":"wp","href":"https:\/\/api.w.org\/{rel}","templated":true}]}}