{"id":1159,"date":"2019-05-08T19:21:37","date_gmt":"2019-05-08T17:21:37","guid":{"rendered":"http:\/\/agora.xtec.cat\/cfasalvadordali\/?p=1159"},"modified":"2019-05-08T19:22:15","modified_gmt":"2019-05-08T17:22:15","slug":"setmana-de-lesport","status":"publish","type":"post","link":"https:\/\/agora.xtec.cat\/cfasalvadordali\/general\/setmana-de-lesport\/","title":{"rendered":"SETMANA DE L\u2019ESPORT"},"content":{"rendered":"<p><a href=\"https:\/\/agora.xtec.cat\/cfasalvadordali\/wp-content\/uploads\/usu363\/2019\/05\/IMG_0518.jpg\"><img loading=\"lazy\" decoding=\"async\" class=\"alignnone wp-image-1162\" src=\"https:\/\/agora.xtec.cat\/cfasalvadordali\/wp-content\/uploads\/usu363\/2019\/05\/IMG_0518-1024x768.jpg\" alt=\"\" width=\"276\" height=\"207\" srcset=\"https:\/\/agora.xtec.cat\/cfasalvadordali\/wp-content\/uploads\/usu363\/2019\/05\/IMG_0518.jpg 1024w, https:\/\/agora.xtec.cat\/cfasalvadordali\/wp-content\/uploads\/usu363\/2019\/05\/IMG_0518-300x225.jpg 300w, https:\/\/agora.xtec.cat\/cfasalvadordali\/wp-content\/uploads\/usu363\/2019\/05\/IMG_0518-768x576.jpg 768w, https:\/\/agora.xtec.cat\/cfasalvadordali\/wp-content\/uploads\/usu363\/2019\/05\/IMG_0518-200x150.jpg 200w\" sizes=\"auto, (max-width: 276px) 100vw, 276px\" \/><\/a> <a href=\"https:\/\/agora.xtec.cat\/cfasalvadordali\/wp-content\/uploads\/usu363\/2019\/05\/IMG_0521.jpg\"><img loading=\"lazy\" decoding=\"async\" class=\"wp-image-1163 alignright\" src=\"https:\/\/agora.xtec.cat\/cfasalvadordali\/wp-content\/uploads\/usu363\/2019\/05\/IMG_0521-1024x768.jpg\" alt=\"\" width=\"274\" height=\"205\" srcset=\"https:\/\/agora.xtec.cat\/cfasalvadordali\/wp-content\/uploads\/usu363\/2019\/05\/IMG_0521.jpg 1024w, https:\/\/agora.xtec.cat\/cfasalvadordali\/wp-content\/uploads\/usu363\/2019\/05\/IMG_0521-300x225.jpg 300w, https:\/\/agora.xtec.cat\/cfasalvadordali\/wp-content\/uploads\/usu363\/2019\/05\/IMG_0521-768x576.jpg 768w, https:\/\/agora.xtec.cat\/cfasalvadordali\/wp-content\/uploads\/usu363\/2019\/05\/IMG_0521-200x150.jpg 200w\" sizes=\"auto, (max-width: 274px) 100vw, 274px\" \/><\/a> <a href=\"https:\/\/agora.xtec.cat\/cfasalvadordali\/wp-content\/uploads\/usu363\/2019\/05\/IMG_0524.jpg\"><img loading=\"lazy\" decoding=\"async\" class=\"wp-image-1164 aligncenter\" src=\"https:\/\/agora.xtec.cat\/cfasalvadordali\/wp-content\/uploads\/usu363\/2019\/05\/IMG_0524-768x1024.jpg\" alt=\"\" width=\"528\" height=\"704\" srcset=\"https:\/\/agora.xtec.cat\/cfasalvadordali\/wp-content\/uploads\/usu363\/2019\/05\/IMG_0524-768x1024.jpg 768w, https:\/\/agora.xtec.cat\/cfasalvadordali\/wp-content\/uploads\/usu363\/2019\/05\/IMG_0524-225x300.jpg 225w, https:\/\/agora.xtec.cat\/cfasalvadordali\/wp-content\/uploads\/usu363\/2019\/05\/IMG_0524.jpg 1024w\" sizes=\"auto, (max-width: 528px) 100vw, 528px\" \/><\/a> La setmana de l&#8217;1 al 5 d&#8217;abril els grups de Formaci\u00f3 Instrumental han participat en la Setmana de l&#8217;Esport.<\/p>\n<p>L&#8217;objectiu d&#8217;aquesta activitat era conscienciar als nostres alumnes de la necessitat de fer esport, o millor dit, intentar evitar tenir una vida massa sedent\u00e0ria.<\/p>\n<p>Durant aquests dies s&#8217;han organitzat diferents activitats:<\/p>\n<ul>\n<li>Jocs al poliesportiu.<a href=\"https:\/\/agora.xtec.cat\/cfasalvadordali\/wp-content\/uploads\/usu363\/2019\/05\/IMG_0539.jpg\"><img loading=\"lazy\" decoding=\"async\" class=\"alignnone wp-image-1166\" src=\"https:\/\/agora.xtec.cat\/cfasalvadordali\/wp-content\/uploads\/usu363\/2019\/05\/IMG_0539-1024x768.jpg\" alt=\"\" width=\"395\" height=\"296\" srcset=\"https:\/\/agora.xtec.cat\/cfasalvadordali\/wp-content\/uploads\/usu363\/2019\/05\/IMG_0539.jpg 1024w, https:\/\/agora.xtec.cat\/cfasalvadordali\/wp-content\/uploads\/usu363\/2019\/05\/IMG_0539-300x225.jpg 300w, https:\/\/agora.xtec.cat\/cfasalvadordali\/wp-content\/uploads\/usu363\/2019\/05\/IMG_0539-768x576.jpg 768w, https:\/\/agora.xtec.cat\/cfasalvadordali\/wp-content\/uploads\/usu363\/2019\/05\/IMG_0539-200x150.jpg 200w\" sizes=\"auto, (max-width: 395px) 100vw, 395px\" \/><\/a><a href=\"https:\/\/agora.xtec.cat\/cfasalvadordali\/wp-content\/uploads\/usu363\/2019\/05\/IMG_0527.jpg\"><img loading=\"lazy\" decoding=\"async\" class=\"wp-image-1160 aligncenter\" src=\"https:\/\/agora.xtec.cat\/cfasalvadordali\/wp-content\/uploads\/usu363\/2019\/05\/IMG_0527-1024x575.jpg\" alt=\"\" width=\"293\" height=\"165\" srcset=\"https:\/\/agora.xtec.cat\/cfasalvadordali\/wp-content\/uploads\/usu363\/2019\/05\/IMG_0527-1024x575.jpg 1024w, https:\/\/agora.xtec.cat\/cfasalvadordali\/wp-content\/uploads\/usu363\/2019\/05\/IMG_0527-300x168.jpg 300w, https:\/\/agora.xtec.cat\/cfasalvadordali\/wp-content\/uploads\/usu363\/2019\/05\/IMG_0527-768x431.jpg 768w\" sizes=\"auto, (max-width: 293px) 100vw, 293px\" \/><\/a><\/li>\n<li>Xerrades informatives &#8220;Salut i esport&#8221;.<a href=\"https:\/\/agora.xtec.cat\/cfasalvadordali\/wp-content\/uploads\/usu363\/2019\/05\/IMG_0561.jpg\"><img loading=\"lazy\" decoding=\"async\" class=\"wp-image-1167 alignright\" src=\"https:\/\/agora.xtec.cat\/cfasalvadordali\/wp-content\/uploads\/usu363\/2019\/05\/IMG_0561-1024x768.jpg\" alt=\"\" width=\"393\" height=\"295\" srcset=\"https:\/\/agora.xtec.cat\/cfasalvadordali\/wp-content\/uploads\/usu363\/2019\/05\/IMG_0561.jpg 1024w, https:\/\/agora.xtec.cat\/cfasalvadordali\/wp-content\/uploads\/usu363\/2019\/05\/IMG_0561-300x225.jpg 300w, https:\/\/agora.xtec.cat\/cfasalvadordali\/wp-content\/uploads\/usu363\/2019\/05\/IMG_0561-768x576.jpg 768w, https:\/\/agora.xtec.cat\/cfasalvadordali\/wp-content\/uploads\/usu363\/2019\/05\/IMG_0561-200x150.jpg 200w\" sizes=\"auto, (max-width: 393px) 100vw, 393px\" \/><\/a><\/li>\n<li>Jocs a l&#8217;aula.<\/li>\n<li>Decoraci\u00f3 de l&#8217;\u00e0rea educativa.<\/li>\n<li>Sortida programada.<\/li>\n<\/ul>\n<p>El resultat final ha sigut molt positiu, i els alumnes van tenir una actitud participativa i din\u00e0mica.<\/p>\n<p>Una setmana motivant, que va treballar la relaci\u00f3 inter-personal entre els diferents grups de Formaci\u00f3 Instrumental gr\u00e0cies a les activitats de gran grup que es van organitzar i per la sortida programada final.<\/p>\n<p><a href=\"https:\/\/agora.xtec.cat\/cfasalvadordali\/wp-content\/uploads\/usu363\/2019\/05\/IMG_0563.jpg\"><img loading=\"lazy\" decoding=\"async\" class=\"alignnone wp-image-1169\" src=\"https:\/\/agora.xtec.cat\/cfasalvadordali\/wp-content\/uploads\/usu363\/2019\/05\/IMG_0563-1024x768.jpg\" alt=\"\" width=\"436\" height=\"327\" srcset=\"https:\/\/agora.xtec.cat\/cfasalvadordali\/wp-content\/uploads\/usu363\/2019\/05\/IMG_0563.jpg 1024w, https:\/\/agora.xtec.cat\/cfasalvadordali\/wp-content\/uploads\/usu363\/2019\/05\/IMG_0563-300x225.jpg 300w, https:\/\/agora.xtec.cat\/cfasalvadordali\/wp-content\/uploads\/usu363\/2019\/05\/IMG_0563-768x576.jpg 768w, https:\/\/agora.xtec.cat\/cfasalvadordali\/wp-content\/uploads\/usu363\/2019\/05\/IMG_0563-200x150.jpg 200w\" sizes=\"auto, (max-width: 436px) 100vw, 436px\" \/><\/a><a href=\"https:\/\/agora.xtec.cat\/cfasalvadordali\/wp-content\/uploads\/usu363\/2019\/05\/IMG_0562.jpg\"><img loading=\"lazy\" decoding=\"async\" class=\"alignnone wp-image-1168\" src=\"https:\/\/agora.xtec.cat\/cfasalvadordali\/wp-content\/uploads\/usu363\/2019\/05\/IMG_0562-1024x768.jpg\" alt=\"\" width=\"434\" height=\"325\" srcset=\"https:\/\/agora.xtec.cat\/cfasalvadordali\/wp-content\/uploads\/usu363\/2019\/05\/IMG_0562.jpg 1024w, https:\/\/agora.xtec.cat\/cfasalvadordali\/wp-content\/uploads\/usu363\/2019\/05\/IMG_0562-300x225.jpg 300w, https:\/\/agora.xtec.cat\/cfasalvadordali\/wp-content\/uploads\/usu363\/2019\/05\/IMG_0562-768x576.jpg 768w, https:\/\/agora.xtec.cat\/cfasalvadordali\/wp-content\/uploads\/usu363\/2019\/05\/IMG_0562-200x150.jpg 200w\" sizes=\"auto, (max-width: 434px) 100vw, 434px\" \/><\/a><\/p>\n","protected":false},"excerpt":{"rendered":"<p><a href=\"https:\/\/agora.xtec.cat\/cfasalvadordali\/wp-content\/uploads\/usu363\/2019\/05\/IMG_0518.jpg\"><\/a> <a href=\"https:\/\/agora.xtec.cat\/cfasalvadordali\/wp-content\/uploads\/usu363\/2019\/05\/IMG_0521.jpg\"><\/a> <a href=\"https:\/\/agora.xtec.cat\/cfasalvadordali\/wp-content\/uploads\/usu363\/2019\/05\/IMG_0524.jpg\"><\/a> La setmana de l&#8217;1 al 5 d&#8217;abril els grups de Formaci\u00f3 Instrumental han participat en la Setmana de l&#8217;Esport.<br \/>\nL&#8217;objectiu d&#8217;aquesta activitat era conscienciar als nostres alumnes de la necessitat de fer esport, o millor dit, intentar evitar tenir una&hellip;  <a href=\"https:\/\/agora.xtec.cat\/cfasalvadordali\/general\/setmana-de-lesport\/\" title=\"Read SETMANA DE L\u2019ESPORT\">Llegeix m\u00e9s\u00bb<\/a><\/p>\n","protected":false},"author":1,"featured_media":1164,"comment_status":"open","ping_status":"closed","sticky":false,"template":"","format":"standard","meta":{"_bbp_topic_count":0,"_bbp_reply_count":0,"_bbp_total_topic_count":0,"_bbp_total_reply_count":0,"_bbp_voice_count":0,"_bbp_anonymous_reply_count":0,"_bbp_topic_count_hidden":0,"_bbp_reply_count_hidden":0,"_bbp_forum_subforum_count":0,"footnotes":""},"categories":[87,93,94,95,1,29],"tags":[],"class_list":["post-1159","post","type-post","status-publish","format-standard","has-post-thumbnail","hentry","category-fi","category-fi1","category-fi2","category-fi3","category-general","category-portada"],"post_mailing_queue_ids":[],"_links":{"self":[{"href":"https:\/\/agora.xtec.cat\/cfasalvadordali\/wp-json\/wp\/v2\/posts\/1159","targetHints":{"allow":["GET"]}}],"collection":[{"href":"https:\/\/agora.xtec.cat\/cfasalvadordali\/wp-json\/wp\/v2\/posts"}],"about":[{"href":"https:\/\/agora.xtec.cat\/cfasalvadordali\/wp-json\/wp\/v2\/types\/post"}],"author":[{"embeddable":true,"href":"https:\/\/agora.xtec.cat\/cfasalvadordali\/wp-json\/wp\/v2\/users\/1"}],"replies":[{"embeddable":true,"href":"https:\/\/agora.xtec.cat\/cfasalvadordali\/wp-json\/wp\/v2\/comments?post=1159"}],"version-history":[{"count":2,"href":"https:\/\/agora.xtec.cat\/cfasalvadordali\/wp-json\/wp\/v2\/posts\/1159\/revisions"}],"predecessor-version":[{"id":1170,"href":"https:\/\/agora.xtec.cat\/cfasalvadordali\/wp-json\/wp\/v2\/posts\/1159\/revisions\/1170"}],"wp:featuredmedia":[{"embeddable":true,"href":"https:\/\/agora.xtec.cat\/cfasalvadordali\/wp-json\/wp\/v2\/media\/1164"}],"wp:attachment":[{"href":"https:\/\/agora.xtec.cat\/cfasalvadordali\/wp-json\/wp\/v2\/media?parent=1159"}],"wp:term":[{"taxonomy":"category","embeddable":true,"href":"https:\/\/agora.xtec.cat\/cfasalvadordali\/wp-json\/wp\/v2\/categories?post=1159"},{"taxonomy":"post_tag","embeddable":true,"href":"https:\/\/agora.xtec.cat\/cfasalvadordali\/wp-json\/wp\/v2\/tags?post=1159"}],"curies":[{"name":"wp","href":"https:\/\/api.w.org\/{rel}","templated":true}]}}