{"id":1148,"date":"2019-06-19T21:04:02","date_gmt":"2019-06-19T19:04:02","guid":{"rendered":"http:\/\/agora.xtec.cat\/cfasalvadordali\/?p=1148"},"modified":"2019-06-28T10:13:58","modified_gmt":"2019-06-28T08:13:58","slug":"frankestein-un-treball-literari","status":"publish","type":"post","link":"https:\/\/agora.xtec.cat\/cfasalvadordali\/portada\/frankestein-un-treball-literari\/","title":{"rendered":"FRANKESTEIN, un treball literari"},"content":{"rendered":"<p><a href=\"https:\/\/agora.xtec.cat\/cfasalvadordali\/wp-content\/uploads\/usu363\/2019\/06\/IMG_20190409_084715_444_opt1.jpg\"><img loading=\"lazy\" decoding=\"async\" class=\"size-full wp-image-1195 alignleft\" src=\"https:\/\/agora.xtec.cat\/cfasalvadordali\/wp-content\/uploads\/usu363\/2019\/06\/IMG_20190409_084715_444_opt1.jpg\" alt=\"\" width=\"336\" height=\"252\" srcset=\"https:\/\/agora.xtec.cat\/cfasalvadordali\/wp-content\/uploads\/usu363\/2019\/06\/IMG_20190409_084715_444_opt1.jpg 336w, https:\/\/agora.xtec.cat\/cfasalvadordali\/wp-content\/uploads\/usu363\/2019\/06\/IMG_20190409_084715_444_opt1-300x225.jpg 300w, https:\/\/agora.xtec.cat\/cfasalvadordali\/wp-content\/uploads\/usu363\/2019\/06\/IMG_20190409_084715_444_opt1-200x150.jpg 200w\" sizes=\"auto, (max-width: 336px) 100vw, 336px\" \/><\/a><\/p>\n<p>Us presentem el treball realitzat pel grup de GES 2 durant aquest 2n. trimestre a partir de la lectura compartida de la novel\u00b7la <strong>Frankenstein<\/strong> de <em>Mary Shelley.<\/em><\/p>\n<p>Pels mestres de Comunicaci\u00f3 ha estat un experiment per dos motius: el primer, per assumir, com a proposta grupal, la lectura d&#8217;una novel\u00b7la del segle XIX i el segon, per ser prou agoserats per proposar la realitzaci\u00f3 d&#8217;una lectura compartida que significa, entre s&#8217;altres coses, seguir un calendari lector, haver llegit el cap\u00edtol pr\u00e8viament, assistir a l&#8217;aula &#8230;<\/p>\n<p>La lectura s&#8217;ha efectuat al llarg dels mesos de febrer i mar\u00e7, amb una corresponsabilitat per part del grup que valorem com a excepcional: els alumnes han resp\u00f2s a les expectatives amb comprom\u00eds i motivaci\u00f3. Al final del proc\u00e9s, han realitzat un treball col\u00b7laboratiu i reflexiu de Literatura, amb intencions acad\u00e8miques, on els alumnes han reflectit un resum argumental, unes petites dades sobre l&#8217;autora Mary Shelley -un personatge fascinant-, unes refer\u00e8ncies contextuals del temps de l&#8217;obra, una descripci\u00f3 personal sobre el protagonista i l&#8217;antagonista -V\u00edctor i el monstre- i una \u00faltima reflexi\u00f3 sobre la vig\u00e8ncia de l&#8217;obra; al final de treball, hem afegit els punts tractats en el debat.<\/p>\n<p>Aquesta activitat l&#8217;hem pogut realitzar gr\u00e0cies a la bona feina de la Serrat, la bibliotec\u00e0ria que, atenta a les nostres necessitats, va aconseguir els exemplars necessaris perqu\u00e8 tots els alumnes hi poguessin participar.<\/p>\n<p>&nbsp;<\/p>\n<p>&nbsp;<\/p>\n","protected":false},"excerpt":{"rendered":"<p><a href=\"https:\/\/agora.xtec.cat\/cfasalvadordali\/wp-content\/uploads\/usu363\/2019\/06\/IMG_20190409_084715_444_opt1.jpg\"><\/a><br \/>\nUs presentem el treball realitzat pel grup de GES 2 durant aquest 2n. trimestre a partir de la lectura compartida de la novel\u00b7la Frankenstein de Mary Shelley.<br \/>\nPels mestres de Comunicaci\u00f3 ha estat un experiment per dos motius: el primer, per assumir, com a proposta&hellip;  <a href=\"https:\/\/agora.xtec.cat\/cfasalvadordali\/portada\/frankestein-un-treball-literari\/\" title=\"Read FRANKESTEIN, un treball literari\">Llegeix m\u00e9s\u00bb<\/a><\/p>\n","protected":false},"author":1,"featured_media":1195,"comment_status":"open","ping_status":"closed","sticky":false,"template":"","format":"standard","meta":{"_bbp_topic_count":0,"_bbp_reply_count":0,"_bbp_total_topic_count":0,"_bbp_total_reply_count":0,"_bbp_voice_count":0,"_bbp_anonymous_reply_count":0,"_bbp_topic_count_hidden":0,"_bbp_reply_count_hidden":0,"_bbp_forum_subforum_count":0,"footnotes":""},"categories":[96,84,86,85,29],"tags":[],"class_list":["post-1148","post","type-post","status-publish","format-standard","has-post-thumbnail","hentry","category-activitats-culturals","category-ges1","category-ges2","category-geso","category-portada"],"post_mailing_queue_ids":[],"_links":{"self":[{"href":"https:\/\/agora.xtec.cat\/cfasalvadordali\/wp-json\/wp\/v2\/posts\/1148","targetHints":{"allow":["GET"]}}],"collection":[{"href":"https:\/\/agora.xtec.cat\/cfasalvadordali\/wp-json\/wp\/v2\/posts"}],"about":[{"href":"https:\/\/agora.xtec.cat\/cfasalvadordali\/wp-json\/wp\/v2\/types\/post"}],"author":[{"embeddable":true,"href":"https:\/\/agora.xtec.cat\/cfasalvadordali\/wp-json\/wp\/v2\/users\/1"}],"replies":[{"embeddable":true,"href":"https:\/\/agora.xtec.cat\/cfasalvadordali\/wp-json\/wp\/v2\/comments?post=1148"}],"version-history":[{"count":2,"href":"https:\/\/agora.xtec.cat\/cfasalvadordali\/wp-json\/wp\/v2\/posts\/1148\/revisions"}],"predecessor-version":[{"id":1196,"href":"https:\/\/agora.xtec.cat\/cfasalvadordali\/wp-json\/wp\/v2\/posts\/1148\/revisions\/1196"}],"wp:featuredmedia":[{"embeddable":true,"href":"https:\/\/agora.xtec.cat\/cfasalvadordali\/wp-json\/wp\/v2\/media\/1195"}],"wp:attachment":[{"href":"https:\/\/agora.xtec.cat\/cfasalvadordali\/wp-json\/wp\/v2\/media?parent=1148"}],"wp:term":[{"taxonomy":"category","embeddable":true,"href":"https:\/\/agora.xtec.cat\/cfasalvadordali\/wp-json\/wp\/v2\/categories?post=1148"},{"taxonomy":"post_tag","embeddable":true,"href":"https:\/\/agora.xtec.cat\/cfasalvadordali\/wp-json\/wp\/v2\/tags?post=1148"}],"curies":[{"name":"wp","href":"https:\/\/api.w.org\/{rel}","templated":true}]}}