{"id":1139,"date":"2019-04-10T17:47:01","date_gmt":"2019-04-10T15:47:01","guid":{"rendered":"http:\/\/agora.xtec.cat\/cfasalvadordali\/?p=1139"},"modified":"2019-04-10T17:47:01","modified_gmt":"2019-04-10T15:47:01","slug":"cancons-que-expliquen-la-historia","status":"publish","type":"post","link":"https:\/\/agora.xtec.cat\/cfasalvadordali\/general\/cancons-que-expliquen-la-historia\/","title":{"rendered":"CAN\u00c7ONS QUE EXPLIQUEN LA HIST\u00d2RIA"},"content":{"rendered":"<p>Quantes vegades has escoltat una can\u00e7\u00f3 per\u00f2 no has ent\u00e8s el seu significat?<\/p>\n<p>Des de l\u2019escola hem fet l\u2019intent agosarat de posar-nos en la pell del cantant amb la bona intenci\u00f3 de desxifrar el contingut i el missatge de la lletra. Aix\u00ed els alumnes de GES2 i del DMS han seleccionat un conjunt de can\u00e7ons ic\u00f2niques de contingut hist\u00f2ric o de denuncia social\u00a0 i les han contextualitzat.<\/p>\n<p>Ara s\u00ed que entenem all\u00f2 que l\u2019autor de la can\u00e7\u00f3 ens volia transmetre.<\/p>\n<p>El producte final ha estat un exercici de mem\u00f2ria hist\u00f2rica el qual hem donat forma en aquestes peces audiovisuals que us presentem a continuaci\u00f3.<\/p>\n<p>Aqu\u00ed teniu els enlla\u00e7os als diferents treballs:<\/p>\n<p><a href=\"https:\/\/drive.google.com\/file\/d\/1HU4uIokOyO-gsZoxajQS0kDwsmFGAVMl\/view?usp=sharing\">Projecte Quiles.<\/a><\/p>\n<p><a href=\"https:\/\/drive.google.com\/open?id=1yCMVHGND7IHYGAQe9gimDJwhE5rRdRdo\">Projecte Pep.<\/a><\/p>\n<p><a href=\"https:\/\/drive.google.com\/file\/d\/1pBFiOBdYytAA-kz2fGPLXsMlITZBikYO\/view?usp=sharing\">Projecte Paco.<\/a><\/p>\n<p><a href=\"https:\/\/drive.google.com\/file\/d\/1q8XEbxgCRYcn4nccZmurkI9pAYW_v42m\/view?usp=sharing\">Projecte Lluis Llach.<\/a><\/p>\n<p><a href=\"https:\/\/drive.google.com\/file\/d\/1fHM-FoQ9XjrfzeLy76h10YPs40Y2Kic0\/view?usp=sharing\">Projecte Jaume.<\/a><\/p>\n<p><a href=\"https:\/\/drive.google.com\/file\/d\/1rydZsxnGUpNsZi1TZ0dwi6mZNhfGctbl\/view?usp=sharing\">Projecte Gerardo.<\/a><\/p>\n<p><a href=\"https:\/\/drive.google.com\/file\/d\/1RJltY6OzznMCBPsw3sAm7RsOJfcGUaG5\/view?usp=sharing\">Projecte Cristian.<\/a><\/p>\n<p><a href=\"https:\/\/drive.google.com\/file\/d\/1bpCab5Cw80AGJ6IysqW_tsvT5vivbZwx\/view?usp=sharing\">Projecte Andr\u00e9s.<\/a><\/p>\n<p><a href=\"https:\/\/drive.google.com\/file\/d\/14yyu3HyequmWehB79iXSzUVx8MnwtcEd\/view?usp=sharing\">Projecte Sevilla.<\/a><\/p>\n<p><a href=\"https:\/\/drive.google.com\/file\/d\/14yyu3HyequmWehB79iXSzUVx8MnwtcEd\/view?usp=sharing\">Projecte Canuda.<\/a><\/p>\n","protected":false},"excerpt":{"rendered":"<p>Quantes vegades has escoltat una can\u00e7\u00f3 per\u00f2 no has ent\u00e8s el seu significat?<br \/>\nDes de l\u2019escola hem fet l\u2019intent agosarat de posar-nos en la pell del cantant amb la bona intenci\u00f3 de desxifrar el contingut i el missatge de la lletra. Aix\u00ed els alumnes de GES2&hellip;  <a href=\"https:\/\/agora.xtec.cat\/cfasalvadordali\/general\/cancons-que-expliquen-la-historia\/\" title=\"Read CAN\u00c7ONS QUE EXPLIQUEN LA HIST\u00d2RIA\">Llegeix m\u00e9s\u00bb<\/a><\/p>\n","protected":false},"author":1,"featured_media":1141,"comment_status":"open","ping_status":"closed","sticky":false,"template":"","format":"standard","meta":{"_bbp_topic_count":0,"_bbp_reply_count":0,"_bbp_total_topic_count":0,"_bbp_total_reply_count":0,"_bbp_voice_count":0,"_bbp_anonymous_reply_count":0,"_bbp_topic_count_hidden":0,"_bbp_reply_count_hidden":0,"_bbp_forum_subforum_count":0,"footnotes":""},"categories":[96,1,84,86,85,29],"tags":[],"class_list":["post-1139","post","type-post","status-publish","format-standard","has-post-thumbnail","hentry","category-activitats-culturals","category-general","category-ges1","category-ges2","category-geso","category-portada"],"post_mailing_queue_ids":[],"_links":{"self":[{"href":"https:\/\/agora.xtec.cat\/cfasalvadordali\/wp-json\/wp\/v2\/posts\/1139","targetHints":{"allow":["GET"]}}],"collection":[{"href":"https:\/\/agora.xtec.cat\/cfasalvadordali\/wp-json\/wp\/v2\/posts"}],"about":[{"href":"https:\/\/agora.xtec.cat\/cfasalvadordali\/wp-json\/wp\/v2\/types\/post"}],"author":[{"embeddable":true,"href":"https:\/\/agora.xtec.cat\/cfasalvadordali\/wp-json\/wp\/v2\/users\/1"}],"replies":[{"embeddable":true,"href":"https:\/\/agora.xtec.cat\/cfasalvadordali\/wp-json\/wp\/v2\/comments?post=1139"}],"version-history":[{"count":2,"href":"https:\/\/agora.xtec.cat\/cfasalvadordali\/wp-json\/wp\/v2\/posts\/1139\/revisions"}],"predecessor-version":[{"id":1142,"href":"https:\/\/agora.xtec.cat\/cfasalvadordali\/wp-json\/wp\/v2\/posts\/1139\/revisions\/1142"}],"wp:featuredmedia":[{"embeddable":true,"href":"https:\/\/agora.xtec.cat\/cfasalvadordali\/wp-json\/wp\/v2\/media\/1141"}],"wp:attachment":[{"href":"https:\/\/agora.xtec.cat\/cfasalvadordali\/wp-json\/wp\/v2\/media?parent=1139"}],"wp:term":[{"taxonomy":"category","embeddable":true,"href":"https:\/\/agora.xtec.cat\/cfasalvadordali\/wp-json\/wp\/v2\/categories?post=1139"},{"taxonomy":"post_tag","embeddable":true,"href":"https:\/\/agora.xtec.cat\/cfasalvadordali\/wp-json\/wp\/v2\/tags?post=1139"}],"curies":[{"name":"wp","href":"https:\/\/api.w.org\/{rel}","templated":true}]}}