{"id":1068,"date":"2019-03-08T16:09:56","date_gmt":"2019-03-08T15:09:56","guid":{"rendered":"http:\/\/agora.xtec.cat\/cfasalvadordali\/?p=1068"},"modified":"2019-03-08T17:21:51","modified_gmt":"2019-03-08T16:21:51","slug":"travessar-europo-en-moto","status":"publish","type":"post","link":"https:\/\/agora.xtec.cat\/cfasalvadordali\/general\/travessar-europo-en-moto\/","title":{"rendered":"TRAVESSAR EUROPA EN MOTO"},"content":{"rendered":"<p><a href=\"http:\/\/www.kokopeliadventure.com\/es\/about-us-es\/\">KOKOPELI ADVENTURES<\/a><\/p>\n<p>Un dia en Guy va decidir travessar Europa amb la seva parella \u00a0en moto, el seu pla era sortir d\u2019Israel\u00a0 i anar fins \u00a0al Nordkappe, el punt m\u00e9s al nord de Noruega. Un imprevist va fer que quan ja estaven a punt de complir el seu objectiu canviessin de plans i decidissin girar cua i acabessin el seu viatge a Espanya. L\u2019entrada pels Pirineus els va captivar: inacabables ports de muntanya, un paisatge corprenedor, una gent entranyable. Vint anys m\u00e9s tard en Guy encara \u00e9s aqu\u00ed, va crear la seva empresa <a href=\"http:\/\/www.kokopeliadventure.com\/es\/about-us-es\/\">KOKOPELI ADVENTURES<\/a>\u00a0 i ha fet de l\u2019amor per la muntanya la seva manera de guanyar-se la vida.<\/p>\n<p>En Guy ha vingut a visitar els alumnes del CFA Salvador Dal\u00ed d\u2019Angl\u00e8s 3 i hem pogut gaudir de mil an\u00e8cdotes.<\/p>\n<p><a href=\"https:\/\/agora.xtec.cat\/cfasalvadordali\/wp-content\/uploads\/usu363\/2019\/03\/guy.jpg\"><br \/>\n<img loading=\"lazy\" decoding=\"async\" class=\"aligncenter size-full wp-image-1076\" src=\"https:\/\/agora.xtec.cat\/cfasalvadordali\/wp-content\/uploads\/usu363\/2019\/03\/guy.jpg\" alt=\"\" width=\"657\" height=\"657\" srcset=\"https:\/\/agora.xtec.cat\/cfasalvadordali\/wp-content\/uploads\/usu363\/2019\/03\/guy.jpg 657w, https:\/\/agora.xtec.cat\/cfasalvadordali\/wp-content\/uploads\/usu363\/2019\/03\/guy-150x150.jpg 150w, https:\/\/agora.xtec.cat\/cfasalvadordali\/wp-content\/uploads\/usu363\/2019\/03\/guy-300x300.jpg 300w\" sizes=\"auto, (max-width: 657px) 100vw, 657px\" \/><\/a><\/p>\n<p><iframe loading=\"lazy\" title=\"Metzeler &amp; Tamig Tire Marketing, Andalusia Spain, March 2016\" width=\"500\" height=\"281\" src=\"https:\/\/www.youtube.com\/embed\/hVrLxSP0DCA?feature=oembed\" frameborder=\"0\" allow=\"accelerometer; autoplay; clipboard-write; encrypted-media; gyroscope; picture-in-picture; web-share\" referrerpolicy=\"strict-origin-when-cross-origin\" allowfullscreen><\/iframe><\/p>\n<p>&nbsp;<\/p>\n<p><a style=\"font-weight: bold; font-family: inherit; font-size: 1em; line-height: 1.6;\" href=\"https:\/\/agora.xtec.cat\/cfasalvadordali\/wp-content\/uploads\/usu363\/2019\/03\/2.jpg\"><img loading=\"lazy\" decoding=\"async\" class=\"size-large wp-image-1072\" src=\"https:\/\/agora.xtec.cat\/cfasalvadordali\/wp-content\/uploads\/usu363\/2019\/03\/2-768x1024.jpg\" alt=\"\" width=\"768\" height=\"1024\" srcset=\"https:\/\/agora.xtec.cat\/cfasalvadordali\/wp-content\/uploads\/usu363\/2019\/03\/2-768x1024.jpg 768w, https:\/\/agora.xtec.cat\/cfasalvadordali\/wp-content\/uploads\/usu363\/2019\/03\/2-225x300.jpg 225w, https:\/\/agora.xtec.cat\/cfasalvadordali\/wp-content\/uploads\/usu363\/2019\/03\/2.jpg 1024w\" sizes=\"auto, (max-width: 768px) 100vw, 768px\" \/><\/a><\/p>\n<p><a href=\"https:\/\/agora.xtec.cat\/cfasalvadordali\/wp-content\/uploads\/usu363\/2019\/03\/3.jpg\"><img loading=\"lazy\" decoding=\"async\" class=\"size-large wp-image-1073\" src=\"https:\/\/agora.xtec.cat\/cfasalvadordali\/wp-content\/uploads\/usu363\/2019\/03\/3-1024x768.jpg\" alt=\"\" width=\"1024\" height=\"768\" srcset=\"https:\/\/agora.xtec.cat\/cfasalvadordali\/wp-content\/uploads\/usu363\/2019\/03\/3.jpg 1024w, https:\/\/agora.xtec.cat\/cfasalvadordali\/wp-content\/uploads\/usu363\/2019\/03\/3-300x225.jpg 300w, https:\/\/agora.xtec.cat\/cfasalvadordali\/wp-content\/uploads\/usu363\/2019\/03\/3-768x576.jpg 768w, https:\/\/agora.xtec.cat\/cfasalvadordali\/wp-content\/uploads\/usu363\/2019\/03\/3-200x150.jpg 200w\" sizes=\"auto, (max-width: 1024px) 100vw, 1024px\" \/><\/a><\/p>\n","protected":false},"excerpt":{"rendered":"<p><a href=\"http:\/\/www.kokopeliadventure.com\/es\/about-us-es\/\">KOKOPELI ADVENTURES<\/a><br \/>\nUn dia en Guy va decidir travessar Europa amb la seva parella \u00a0en moto, el seu pla era sortir d\u2019Israel\u00a0 i anar fins \u00a0al Nordkappe, el punt m\u00e9s al nord de Noruega. Un imprevist va fer que quan ja estaven a punt de&hellip;  <a href=\"https:\/\/agora.xtec.cat\/cfasalvadordali\/general\/travessar-europo-en-moto\/\" title=\"Read TRAVESSAR EUROPA EN MOTO\">Llegeix m\u00e9s\u00bb<\/a><\/p>\n","protected":false},"author":54,"featured_media":1076,"comment_status":"open","ping_status":"closed","sticky":false,"template":"","format":"standard","meta":{"_bbp_topic_count":0,"_bbp_reply_count":0,"_bbp_total_topic_count":0,"_bbp_total_reply_count":0,"_bbp_voice_count":0,"_bbp_anonymous_reply_count":0,"_bbp_topic_count_hidden":0,"_bbp_reply_count_hidden":0,"_bbp_forum_subforum_count":0,"footnotes":""},"categories":[96,119,1,29],"tags":[],"class_list":["post-1068","post","type-post","status-publish","format-standard","has-post-thumbnail","hentry","category-activitats-culturals","category-angles-3","category-general","category-portada"],"post_mailing_queue_ids":[],"_links":{"self":[{"href":"https:\/\/agora.xtec.cat\/cfasalvadordali\/wp-json\/wp\/v2\/posts\/1068","targetHints":{"allow":["GET"]}}],"collection":[{"href":"https:\/\/agora.xtec.cat\/cfasalvadordali\/wp-json\/wp\/v2\/posts"}],"about":[{"href":"https:\/\/agora.xtec.cat\/cfasalvadordali\/wp-json\/wp\/v2\/types\/post"}],"author":[{"embeddable":true,"href":"https:\/\/agora.xtec.cat\/cfasalvadordali\/wp-json\/wp\/v2\/users\/54"}],"replies":[{"embeddable":true,"href":"https:\/\/agora.xtec.cat\/cfasalvadordali\/wp-json\/wp\/v2\/comments?post=1068"}],"version-history":[{"count":3,"href":"https:\/\/agora.xtec.cat\/cfasalvadordali\/wp-json\/wp\/v2\/posts\/1068\/revisions"}],"predecessor-version":[{"id":1087,"href":"https:\/\/agora.xtec.cat\/cfasalvadordali\/wp-json\/wp\/v2\/posts\/1068\/revisions\/1087"}],"wp:featuredmedia":[{"embeddable":true,"href":"https:\/\/agora.xtec.cat\/cfasalvadordali\/wp-json\/wp\/v2\/media\/1076"}],"wp:attachment":[{"href":"https:\/\/agora.xtec.cat\/cfasalvadordali\/wp-json\/wp\/v2\/media?parent=1068"}],"wp:term":[{"taxonomy":"category","embeddable":true,"href":"https:\/\/agora.xtec.cat\/cfasalvadordali\/wp-json\/wp\/v2\/categories?post=1068"},{"taxonomy":"post_tag","embeddable":true,"href":"https:\/\/agora.xtec.cat\/cfasalvadordali\/wp-json\/wp\/v2\/tags?post=1068"}],"curies":[{"name":"wp","href":"https:\/\/api.w.org\/{rel}","templated":true}]}}