{"id":1064,"date":"2019-03-08T15:10:16","date_gmt":"2019-03-08T14:10:16","guid":{"rendered":"http:\/\/agora.xtec.cat\/cfasalvadordali\/?p=1064"},"modified":"2019-03-19T10:37:16","modified_gmt":"2019-03-19T09:37:16","slug":"gimcana-de-les-llengues-maternes","status":"publish","type":"post","link":"https:\/\/agora.xtec.cat\/cfasalvadordali\/general\/gimcana-de-les-llengues-maternes\/","title":{"rendered":"GIMCANA DE LES LLENG\u00dcES MATERNES"},"content":{"rendered":"<p><a href=\"https:\/\/agora.xtec.cat\/cfasalvadordali\/wp-content\/uploads\/usu363\/2019\/03\/LLENGUES.jpg\"><img loading=\"lazy\" decoding=\"async\" class=\"aligncenter size-full wp-image-1085\" src=\"https:\/\/agora.xtec.cat\/cfasalvadordali\/wp-content\/uploads\/usu363\/2019\/03\/LLENGUES.jpg\" alt=\"\" width=\"317\" height=\"159\" srcset=\"https:\/\/agora.xtec.cat\/cfasalvadordali\/wp-content\/uploads\/usu363\/2019\/03\/LLENGUES.jpg 317w, https:\/\/agora.xtec.cat\/cfasalvadordali\/wp-content\/uploads\/usu363\/2019\/03\/LLENGUES-300x150.jpg 300w\" sizes=\"auto, (max-width: 317px) 100vw, 317px\" \/><\/a><\/p>\n<p><a href=\"https:\/\/agora.xtec.cat\/cfasalvadordali\/wp-content\/uploads\/usu363\/2019\/03\/flors.jpg\"><br \/>\n<\/a>L\u2019equip de lleng\u00fces vol compartir amb tots el resultat del concurs gimcana de lleng\u00fces maternes, que varem realitzar la darrera setmana del mes de febrer. Han participat m\u00e9s de 160 alumnes i nom\u00e9s dos van encertar totes les respostes. T\u2019animes a respondre tu?<\/p>\n<p><strong>1. Quines s\u00f3n les lleng\u00fces oficials a Catalunya?<\/strong><\/p>\n<p><strong>a) Castell\u00e0 i Franc\u00e8s \u00a0\u00a0<\/strong><strong>b) Catal\u00e0, Aran\u00e8s i Franc\u00e8s \u00a0 \u00a0<\/strong><strong>c) Catal\u00e0, Castell\u00e0 i Aran\u00e8s<\/strong><\/p>\n<p><strong>2. D\u2019on prov\u00e9 la paraula <em>caliquenyo <\/em>?<\/strong><\/p>\n<p><strong><em>3. Kofi <\/em><\/strong><strong>\u00e9s un nom molt freq\u00fcent a Ghana, saps qu\u00e8 significa?<\/strong><\/p>\n<p><strong>4. Quina \u00e9s la llengua m\u00e9s parlada al m\u00f3n?<\/strong><\/p>\n<p><strong>a) Espanyol \u00a0 \u00a0\u00a0<\/strong><strong>b) Xin\u00e8s mandar\u00ed \u00a0<\/strong><strong>c) \u00c0rab \u00a0<\/strong><strong>d) Angl\u00e8s<\/strong><\/p>\n<p>_____________________________________________________<\/p>\n<p><strong>Respostes:<\/strong><\/p>\n<ol>\n<li><strong>LES LLENG\u00dcES oficials a Catalunya s\u00f3n :<\/strong><strong style=\"font-family: inherit; font-size: 1em; line-height: 1.6;\">\u00a0<\/strong><strong style=\"font-family: inherit; font-size: 1em; line-height: 1.6;\">Catal\u00e0, Castell\u00e0 i Aran\u00e8s<\/strong><\/li>\n<\/ol>\n<p><strong>2 La paraula <em>caliquenyo <\/em>FA REFER\u00c8NCIA A LA <\/strong><strong>CIUTAT COLOMBIANA DE CALI<\/strong><\/p>\n<p><strong>\u00a0<\/strong><strong><em>3. Kofi <\/em><\/strong><strong>\u00e9s un nom molt freq\u00fcent a Ghana, SIGNIFICA:<\/strong><\/p>\n<p><strong><em>(EN LA LLENGUA TWI)<\/em><\/strong><strong> NOI NASCUT EN DIVENDRES<\/strong><\/p>\n<p><strong>\u00a0<\/strong><strong>4. La llengua MATERNA m\u00e9s parlada al m\u00f3n \u00c9S:<\/strong><\/p>\n<p><strong>\u00a0\u00a0\u00a0 <\/strong><strong>EL XIN\u00c8S MANDAR\u00cd <\/strong><strong><em>(M\u00c9S DE 995 MILIONS DE\u00a0 PARLANTS)<\/em><\/strong><\/p>\n<p><strong><em>\u00a0\u00a0 \u00a0<\/em><\/strong><strong><em>l\u2019ESPANYOL (407 MILIONS) \/\u00a0<\/em><\/strong><strong><em>ANGL\u00c8S (359 MILIONS)<\/em><\/strong><\/p>\n<p><strong><em>\u00a0\u00a0\u00a0 \u00c0RAB (255 MILIONS)<\/em><\/strong><\/p>\n","protected":false},"excerpt":{"rendered":"<p><a href=\"https:\/\/agora.xtec.cat\/cfasalvadordali\/wp-content\/uploads\/usu363\/2019\/03\/LLENGUES.jpg\"><\/a><br \/>\n<a href=\"https:\/\/agora.xtec.cat\/cfasalvadordali\/wp-content\/uploads\/usu363\/2019\/03\/flors.jpg\"><br \/>\n<\/a>L\u2019equip de lleng\u00fces vol compartir amb tots el resultat del concurs gimcana de lleng\u00fces maternes, que varem realitzar la darrera setmana del mes de febrer. Han participat m\u00e9s de 160 alumnes i nom\u00e9s dos van encertar totes les respostes. T\u2019animes a respondre tu?<br \/>\n1.&hellip;  <a href=\"https:\/\/agora.xtec.cat\/cfasalvadordali\/general\/gimcana-de-les-llengues-maternes\/\" title=\"Read GIMCANA DE LES LLENG\u00dcES MATERNES\">Llegeix m\u00e9s\u00bb<\/a><\/p>\n","protected":false},"author":54,"featured_media":1085,"comment_status":"open","ping_status":"closed","sticky":false,"template":"","format":"standard","meta":{"_bbp_topic_count":0,"_bbp_reply_count":0,"_bbp_total_topic_count":0,"_bbp_total_reply_count":0,"_bbp_voice_count":0,"_bbp_anonymous_reply_count":0,"_bbp_topic_count_hidden":0,"_bbp_reply_count_hidden":0,"_bbp_forum_subforum_count":0,"footnotes":""},"categories":[96,1,29],"tags":[],"class_list":["post-1064","post","type-post","status-publish","format-standard","has-post-thumbnail","hentry","category-activitats-culturals","category-general","category-portada"],"post_mailing_queue_ids":[],"_links":{"self":[{"href":"https:\/\/agora.xtec.cat\/cfasalvadordali\/wp-json\/wp\/v2\/posts\/1064","targetHints":{"allow":["GET"]}}],"collection":[{"href":"https:\/\/agora.xtec.cat\/cfasalvadordali\/wp-json\/wp\/v2\/posts"}],"about":[{"href":"https:\/\/agora.xtec.cat\/cfasalvadordali\/wp-json\/wp\/v2\/types\/post"}],"author":[{"embeddable":true,"href":"https:\/\/agora.xtec.cat\/cfasalvadordali\/wp-json\/wp\/v2\/users\/54"}],"replies":[{"embeddable":true,"href":"https:\/\/agora.xtec.cat\/cfasalvadordali\/wp-json\/wp\/v2\/comments?post=1064"}],"version-history":[{"count":4,"href":"https:\/\/agora.xtec.cat\/cfasalvadordali\/wp-json\/wp\/v2\/posts\/1064\/revisions"}],"predecessor-version":[{"id":1114,"href":"https:\/\/agora.xtec.cat\/cfasalvadordali\/wp-json\/wp\/v2\/posts\/1064\/revisions\/1114"}],"wp:featuredmedia":[{"embeddable":true,"href":"https:\/\/agora.xtec.cat\/cfasalvadordali\/wp-json\/wp\/v2\/media\/1085"}],"wp:attachment":[{"href":"https:\/\/agora.xtec.cat\/cfasalvadordali\/wp-json\/wp\/v2\/media?parent=1064"}],"wp:term":[{"taxonomy":"category","embeddable":true,"href":"https:\/\/agora.xtec.cat\/cfasalvadordali\/wp-json\/wp\/v2\/categories?post=1064"},{"taxonomy":"post_tag","embeddable":true,"href":"https:\/\/agora.xtec.cat\/cfasalvadordali\/wp-json\/wp\/v2\/tags?post=1064"}],"curies":[{"name":"wp","href":"https:\/\/api.w.org\/{rel}","templated":true}]}}