{"id":1022,"date":"2019-01-15T14:50:51","date_gmt":"2019-01-15T13:50:51","guid":{"rendered":"http:\/\/agora.xtec.cat\/cfasalvadordali\/?p=1022"},"modified":"2020-01-10T10:16:46","modified_gmt":"2020-01-10T09:16:46","slug":"festa-de-les-families","status":"publish","type":"post","link":"https:\/\/agora.xtec.cat\/cfasalvadordali\/general\/festa-de-les-families\/","title":{"rendered":"FESTA DE LES FAM\u00cdLIES"},"content":{"rendered":"<p>Just abans de marxar de vacances per Nadal, i per animar l&#8217;ambient de la nostra escola (i de tots els que passem per all\u00e0), es va organitzar una jornada de visita de familiars d&#8217;un gran nombre d&#8217;alumnes.<\/p>\n<p>Va ser una meravella de celebraci\u00f3, molt emotiva i feli\u00e7.<\/p>\n<p>Aqu\u00ed teniu un petit recull de les fotos que es van fer.<\/p>\n<p>Si vols veure totes les fotos que es van fer durant el dia, fes <a href=\"https:\/\/drive.google.com\/open?id=1brGPIr4f8iTn17jY1hfgLAPLQZpjxu8g\">clic<\/a> aqu\u00ed o ves al petit men\u00fa que hi ha a la part superior dreta de la p\u00e0gina d&#8217;inici de la web, on posa imatges, i clica all\u00e0.<\/p>\n<h1>Enlla\u00e7 a les fotos <a href=\"https:\/\/drive.google.com\/open?id=1brGPIr4f8iTn17jY1hfgLAPLQZpjxu8g\">https:\/\/drive.google.com\/open?id=1brGPIr4f8iTn17jY1hfgLAPLQZpjxu8g<\/a><\/h1>\n<p>&nbsp;<\/p>\n<p>&nbsp;<\/p>\n<p><a href=\"https:\/\/agora.xtec.cat\/cfasalvadordali\/wp-content\/uploads\/usu363\/2019\/01\/IMG_0210.jpg\"><img loading=\"lazy\" decoding=\"async\" class=\"size-large wp-image-1023 aligncenter\" src=\"https:\/\/agora.xtec.cat\/cfasalvadordali\/wp-content\/uploads\/usu363\/2019\/01\/IMG_0210-1024x768.jpg\" alt=\"\" width=\"1024\" height=\"768\" srcset=\"https:\/\/agora.xtec.cat\/cfasalvadordali\/wp-content\/uploads\/usu363\/2019\/01\/IMG_0210.jpg 1024w, https:\/\/agora.xtec.cat\/cfasalvadordali\/wp-content\/uploads\/usu363\/2019\/01\/IMG_0210-300x225.jpg 300w, https:\/\/agora.xtec.cat\/cfasalvadordali\/wp-content\/uploads\/usu363\/2019\/01\/IMG_0210-768x576.jpg 768w, https:\/\/agora.xtec.cat\/cfasalvadordali\/wp-content\/uploads\/usu363\/2019\/01\/IMG_0210-200x150.jpg 200w\" sizes=\"auto, (max-width: 1024px) 100vw, 1024px\" \/><\/a> <a href=\"https:\/\/agora.xtec.cat\/cfasalvadordali\/wp-content\/uploads\/usu363\/2019\/01\/IMG_0213.jpg\"><img loading=\"lazy\" decoding=\"async\" class=\"size-large wp-image-1024 alignleft\" src=\"https:\/\/agora.xtec.cat\/cfasalvadordali\/wp-content\/uploads\/usu363\/2019\/01\/IMG_0213-1024x768.jpg\" alt=\"\" width=\"1024\" height=\"768\" srcset=\"https:\/\/agora.xtec.cat\/cfasalvadordali\/wp-content\/uploads\/usu363\/2019\/01\/IMG_0213.jpg 1024w, https:\/\/agora.xtec.cat\/cfasalvadordali\/wp-content\/uploads\/usu363\/2019\/01\/IMG_0213-300x225.jpg 300w, https:\/\/agora.xtec.cat\/cfasalvadordali\/wp-content\/uploads\/usu363\/2019\/01\/IMG_0213-768x576.jpg 768w, https:\/\/agora.xtec.cat\/cfasalvadordali\/wp-content\/uploads\/usu363\/2019\/01\/IMG_0213-200x150.jpg 200w\" sizes=\"auto, (max-width: 1024px) 100vw, 1024px\" \/><\/a> <a href=\"https:\/\/agora.xtec.cat\/cfasalvadordali\/wp-content\/uploads\/usu363\/2019\/01\/IMG_0227.jpg\"><img loading=\"lazy\" decoding=\"async\" class=\"size-large wp-image-1025 aligncenter\" src=\"https:\/\/agora.xtec.cat\/cfasalvadordali\/wp-content\/uploads\/usu363\/2019\/01\/IMG_0227-768x1024.jpg\" alt=\"\" width=\"768\" height=\"1024\" srcset=\"https:\/\/agora.xtec.cat\/cfasalvadordali\/wp-content\/uploads\/usu363\/2019\/01\/IMG_0227-768x1024.jpg 768w, https:\/\/agora.xtec.cat\/cfasalvadordali\/wp-content\/uploads\/usu363\/2019\/01\/IMG_0227-225x300.jpg 225w, https:\/\/agora.xtec.cat\/cfasalvadordali\/wp-content\/uploads\/usu363\/2019\/01\/IMG_0227.jpg 1024w\" sizes=\"auto, (max-width: 768px) 100vw, 768px\" \/><\/a> <a href=\"https:\/\/agora.xtec.cat\/cfasalvadordali\/wp-content\/uploads\/usu363\/2019\/01\/IMG_0279.jpg\"><img loading=\"lazy\" decoding=\"async\" class=\"size-large wp-image-1026 alignleft\" src=\"https:\/\/agora.xtec.cat\/cfasalvadordali\/wp-content\/uploads\/usu363\/2019\/01\/IMG_0279-768x1024.jpg\" alt=\"\" width=\"768\" height=\"1024\" srcset=\"https:\/\/agora.xtec.cat\/cfasalvadordali\/wp-content\/uploads\/usu363\/2019\/01\/IMG_0279-768x1024.jpg 768w, https:\/\/agora.xtec.cat\/cfasalvadordali\/wp-content\/uploads\/usu363\/2019\/01\/IMG_0279-225x300.jpg 225w, https:\/\/agora.xtec.cat\/cfasalvadordali\/wp-content\/uploads\/usu363\/2019\/01\/IMG_0279.jpg 1024w\" sizes=\"auto, (max-width: 768px) 100vw, 768px\" \/><\/a> <a href=\"https:\/\/agora.xtec.cat\/cfasalvadordali\/wp-content\/uploads\/usu363\/2019\/01\/IMG_0291.jpg\"><img loading=\"lazy\" decoding=\"async\" class=\"size-large wp-image-1027 aligncenter\" src=\"https:\/\/agora.xtec.cat\/cfasalvadordali\/wp-content\/uploads\/usu363\/2019\/01\/IMG_0291-768x1024.jpg\" alt=\"\" width=\"768\" height=\"1024\" srcset=\"https:\/\/agora.xtec.cat\/cfasalvadordali\/wp-content\/uploads\/usu363\/2019\/01\/IMG_0291-768x1024.jpg 768w, https:\/\/agora.xtec.cat\/cfasalvadordali\/wp-content\/uploads\/usu363\/2019\/01\/IMG_0291-225x300.jpg 225w, https:\/\/agora.xtec.cat\/cfasalvadordali\/wp-content\/uploads\/usu363\/2019\/01\/IMG_0291.jpg 1024w\" sizes=\"auto, (max-width: 768px) 100vw, 768px\" \/><\/a><\/p>\n<p>Desitjant unes bones festes de part de tots els mestres!<\/p>\n","protected":false},"excerpt":{"rendered":"<p>Just abans de marxar de vacances per Nadal, i per animar l&#8217;ambient de la nostra escola (i de tots els que passem per all\u00e0), es va organitzar una jornada de visita de familiars d&#8217;un gran nombre d&#8217;alumnes.<br \/>\nVa ser una meravella de celebraci\u00f3, molt emotiva i&hellip;  <a href=\"https:\/\/agora.xtec.cat\/cfasalvadordali\/general\/festa-de-les-families\/\" title=\"Read FESTA DE LES FAM\u00cdLIES\">Llegeix m\u00e9s\u00bb<\/a><\/p>\n","protected":false},"author":1,"featured_media":1028,"comment_status":"open","ping_status":"closed","sticky":false,"template":"","format":"standard","meta":{"_bbp_topic_count":0,"_bbp_reply_count":0,"_bbp_total_topic_count":0,"_bbp_total_reply_count":0,"_bbp_voice_count":0,"_bbp_anonymous_reply_count":0,"_bbp_topic_count_hidden":0,"_bbp_reply_count_hidden":0,"_bbp_forum_subforum_count":0,"footnotes":""},"categories":[96,1,29],"tags":[],"class_list":["post-1022","post","type-post","status-publish","format-standard","has-post-thumbnail","hentry","category-activitats-culturals","category-general","category-portada"],"post_mailing_queue_ids":[],"_links":{"self":[{"href":"https:\/\/agora.xtec.cat\/cfasalvadordali\/wp-json\/wp\/v2\/posts\/1022","targetHints":{"allow":["GET"]}}],"collection":[{"href":"https:\/\/agora.xtec.cat\/cfasalvadordali\/wp-json\/wp\/v2\/posts"}],"about":[{"href":"https:\/\/agora.xtec.cat\/cfasalvadordali\/wp-json\/wp\/v2\/types\/post"}],"author":[{"embeddable":true,"href":"https:\/\/agora.xtec.cat\/cfasalvadordali\/wp-json\/wp\/v2\/users\/1"}],"replies":[{"embeddable":true,"href":"https:\/\/agora.xtec.cat\/cfasalvadordali\/wp-json\/wp\/v2\/comments?post=1022"}],"version-history":[{"count":3,"href":"https:\/\/agora.xtec.cat\/cfasalvadordali\/wp-json\/wp\/v2\/posts\/1022\/revisions"}],"predecessor-version":[{"id":1258,"href":"https:\/\/agora.xtec.cat\/cfasalvadordali\/wp-json\/wp\/v2\/posts\/1022\/revisions\/1258"}],"wp:featuredmedia":[{"embeddable":true,"href":"https:\/\/agora.xtec.cat\/cfasalvadordali\/wp-json\/wp\/v2\/media\/1028"}],"wp:attachment":[{"href":"https:\/\/agora.xtec.cat\/cfasalvadordali\/wp-json\/wp\/v2\/media?parent=1022"}],"wp:term":[{"taxonomy":"category","embeddable":true,"href":"https:\/\/agora.xtec.cat\/cfasalvadordali\/wp-json\/wp\/v2\/categories?post=1022"},{"taxonomy":"post_tag","embeddable":true,"href":"https:\/\/agora.xtec.cat\/cfasalvadordali\/wp-json\/wp\/v2\/tags?post=1022"}],"curies":[{"name":"wp","href":"https:\/\/api.w.org\/{rel}","templated":true}]}}