{"id":1017,"date":"2019-01-08T14:03:35","date_gmt":"2019-01-08T13:03:35","guid":{"rendered":"http:\/\/agora.xtec.cat\/cfasalvadordali\/?p=1017"},"modified":"2019-01-08T14:03:35","modified_gmt":"2019-01-08T13:03:35","slug":"musica-a-lescola","status":"publish","type":"post","link":"https:\/\/agora.xtec.cat\/cfasalvadordali\/general\/musica-a-lescola\/","title":{"rendered":"M\u00fasica a l&#8217;escola."},"content":{"rendered":"<p>El dimarts 11 de desembre vam tenir la visita d&#8217;un grup de m\u00fasics a l&#8217;escola.<\/p>\n<p><a href=\"https:\/\/agora.xtec.cat\/cfasalvadordali\/wp-content\/uploads\/usu363\/2019\/01\/IMG_0200.jpg\"><img loading=\"lazy\" decoding=\"async\" class=\"wp-image-1018 aligncenter\" src=\"https:\/\/agora.xtec.cat\/cfasalvadordali\/wp-content\/uploads\/usu363\/2019\/01\/IMG_0200-1024x768.jpg\" alt=\"\" width=\"708\" height=\"531\" srcset=\"https:\/\/agora.xtec.cat\/cfasalvadordali\/wp-content\/uploads\/usu363\/2019\/01\/IMG_0200.jpg 1024w, https:\/\/agora.xtec.cat\/cfasalvadordali\/wp-content\/uploads\/usu363\/2019\/01\/IMG_0200-300x225.jpg 300w, https:\/\/agora.xtec.cat\/cfasalvadordali\/wp-content\/uploads\/usu363\/2019\/01\/IMG_0200-768x576.jpg 768w, https:\/\/agora.xtec.cat\/cfasalvadordali\/wp-content\/uploads\/usu363\/2019\/01\/IMG_0200-200x150.jpg 200w\" sizes=\"auto, (max-width: 708px) 100vw, 708px\" \/><\/a><\/p>\n<p><span style=\"font-family: inherit; font-size: 1em; line-height: 1.6;\">Flautes travesseres i clarinets ens van regalar un concert que ens va\u00a0<\/span>deixar bocabadats.<br \/>\nDurant una estona vam tenir l&#8217;oportunitat de deixar la ment en blanc i\u00a0pensar, \u00fanicament, en el lloc on la m\u00fasica ens volgu\u00e9s portar.<br \/>\nUn gran concert en petit format.<\/p>\n<p><img loading=\"lazy\" decoding=\"async\" class=\"wp-image-1019 aligncenter\" style=\"line-height: 25.6000003814697px;\" src=\"https:\/\/agora.xtec.cat\/cfasalvadordali\/wp-content\/uploads\/usu363\/2019\/01\/IMG_025.jpg\" alt=\"\" width=\"700\" height=\"525\" srcset=\"https:\/\/agora.xtec.cat\/cfasalvadordali\/wp-content\/uploads\/usu363\/2019\/01\/IMG_025.jpg 1023w, https:\/\/agora.xtec.cat\/cfasalvadordali\/wp-content\/uploads\/usu363\/2019\/01\/IMG_025-300x225.jpg 300w, https:\/\/agora.xtec.cat\/cfasalvadordali\/wp-content\/uploads\/usu363\/2019\/01\/IMG_025-768x576.jpg 768w, https:\/\/agora.xtec.cat\/cfasalvadordali\/wp-content\/uploads\/usu363\/2019\/01\/IMG_025-200x150.jpg 200w\" sizes=\"auto, (max-width: 700px) 100vw, 700px\" \/><\/p>\n<p>Nom\u00e9s podem donar les gr\u00e0cies i convidar-los de nou.<\/p>\n<p>Un plaer.<\/p>\n","protected":false},"excerpt":{"rendered":"<p>El dimarts 11 de desembre vam tenir la visita d&#8217;un grup de m\u00fasics a l&#8217;escola.<br \/>\n<a href=\"https:\/\/agora.xtec.cat\/cfasalvadordali\/wp-content\/uploads\/usu363\/2019\/01\/IMG_0200.jpg\"><\/a><br \/>\nFlautes travesseres i clarinets ens van regalar un concert que ens va\u00a0deixar bocabadats.<br \/>\nDurant una estona vam tenir l&#8217;oportunitat de deixar la ment en blanc i\u00a0pensar, \u00fanicament, en el lloc on&hellip;  <a href=\"https:\/\/agora.xtec.cat\/cfasalvadordali\/general\/musica-a-lescola\/\" title=\"Read M\u00fasica a l&#8217;escola.\">Llegeix m\u00e9s\u00bb<\/a><\/p>\n","protected":false},"author":1,"featured_media":1020,"comment_status":"open","ping_status":"closed","sticky":false,"template":"","format":"standard","meta":{"_bbp_topic_count":0,"_bbp_reply_count":0,"_bbp_total_topic_count":0,"_bbp_total_reply_count":0,"_bbp_voice_count":0,"_bbp_anonymous_reply_count":0,"_bbp_topic_count_hidden":0,"_bbp_reply_count_hidden":0,"_bbp_forum_subforum_count":0,"footnotes":""},"categories":[96,1,29],"tags":[],"class_list":["post-1017","post","type-post","status-publish","format-standard","has-post-thumbnail","hentry","category-activitats-culturals","category-general","category-portada"],"post_mailing_queue_ids":[],"_links":{"self":[{"href":"https:\/\/agora.xtec.cat\/cfasalvadordali\/wp-json\/wp\/v2\/posts\/1017","targetHints":{"allow":["GET"]}}],"collection":[{"href":"https:\/\/agora.xtec.cat\/cfasalvadordali\/wp-json\/wp\/v2\/posts"}],"about":[{"href":"https:\/\/agora.xtec.cat\/cfasalvadordali\/wp-json\/wp\/v2\/types\/post"}],"author":[{"embeddable":true,"href":"https:\/\/agora.xtec.cat\/cfasalvadordali\/wp-json\/wp\/v2\/users\/1"}],"replies":[{"embeddable":true,"href":"https:\/\/agora.xtec.cat\/cfasalvadordali\/wp-json\/wp\/v2\/comments?post=1017"}],"version-history":[{"count":1,"href":"https:\/\/agora.xtec.cat\/cfasalvadordali\/wp-json\/wp\/v2\/posts\/1017\/revisions"}],"predecessor-version":[{"id":1021,"href":"https:\/\/agora.xtec.cat\/cfasalvadordali\/wp-json\/wp\/v2\/posts\/1017\/revisions\/1021"}],"wp:featuredmedia":[{"embeddable":true,"href":"https:\/\/agora.xtec.cat\/cfasalvadordali\/wp-json\/wp\/v2\/media\/1020"}],"wp:attachment":[{"href":"https:\/\/agora.xtec.cat\/cfasalvadordali\/wp-json\/wp\/v2\/media?parent=1017"}],"wp:term":[{"taxonomy":"category","embeddable":true,"href":"https:\/\/agora.xtec.cat\/cfasalvadordali\/wp-json\/wp\/v2\/categories?post=1017"},{"taxonomy":"post_tag","embeddable":true,"href":"https:\/\/agora.xtec.cat\/cfasalvadordali\/wp-json\/wp\/v2\/tags?post=1017"}],"curies":[{"name":"wp","href":"https:\/\/api.w.org\/{rel}","templated":true}]}}