{"id":1011,"date":"2018-12-14T18:56:04","date_gmt":"2018-12-14T17:56:04","guid":{"rendered":"http:\/\/agora.xtec.cat\/cfasalvadordali\/?p=1011"},"modified":"2019-01-16T15:30:13","modified_gmt":"2019-01-16T14:30:13","slug":"biban-les-matematiques","status":"publish","type":"post","link":"https:\/\/agora.xtec.cat\/cfasalvadordali\/general\/biban-les-matematiques\/","title":{"rendered":"APRENENT AMB LES MATEM\u00c0TIQUES!"},"content":{"rendered":"<p>La passada setmana va venir el Roberto Escribano per donar-nos una classe magistral sobre la did\u00e0ctica de les matem\u00e0tiques.<\/p>\n<p><a href=\"https:\/\/agora.xtec.cat\/cfasalvadordali\/wp-content\/uploads\/usu363\/2018\/12\/robert2.jpg\"><img loading=\"lazy\" decoding=\"async\" class=\"size-large wp-image-1013\" src=\"https:\/\/agora.xtec.cat\/cfasalvadordali\/wp-content\/uploads\/usu363\/2018\/12\/robert2-1024x768.jpg\" alt=\"\" width=\"1024\" height=\"768\" srcset=\"https:\/\/agora.xtec.cat\/cfasalvadordali\/wp-content\/uploads\/usu363\/2018\/12\/robert2.jpg 1024w, https:\/\/agora.xtec.cat\/cfasalvadordali\/wp-content\/uploads\/usu363\/2018\/12\/robert2-300x225.jpg 300w, https:\/\/agora.xtec.cat\/cfasalvadordali\/wp-content\/uploads\/usu363\/2018\/12\/robert2-768x576.jpg 768w, https:\/\/agora.xtec.cat\/cfasalvadordali\/wp-content\/uploads\/usu363\/2018\/12\/robert2-200x150.jpg 200w\" sizes=\"auto, (max-width: 1024px) 100vw, 1024px\" \/><\/a><\/p>\n<p>El claustre de docents va gaudir molt de l&#8217;apassionant m\u00f3n de les matem\u00e0tiques divertides, i vam agafar un munt d&#8217;idees per portar-les a la pr\u00e0ctica amb els nostres alumnes.<\/p>\n<figure class=\"figure wp-caption alignnone\"><a href=\"https:\/\/agora.xtec.cat\/cfasalvadordali\/wp-content\/uploads\/usu363\/2018\/12\/robert.jpg\"><img loading=\"lazy\" decoding=\"async\" class=\"size-large wp-image-1031\" src=\"https:\/\/agora.xtec.cat\/cfasalvadordali\/wp-content\/uploads\/usu363\/2018\/12\/robert-1024x768.jpg\" alt=\"\" width=\"1024\" height=\"768\" srcset=\"https:\/\/agora.xtec.cat\/cfasalvadordali\/wp-content\/uploads\/usu363\/2018\/12\/robert.jpg 1024w, https:\/\/agora.xtec.cat\/cfasalvadordali\/wp-content\/uploads\/usu363\/2018\/12\/robert-300x225.jpg 300w, https:\/\/agora.xtec.cat\/cfasalvadordali\/wp-content\/uploads\/usu363\/2018\/12\/robert-768x576.jpg 768w, https:\/\/agora.xtec.cat\/cfasalvadordali\/wp-content\/uploads\/usu363\/2018\/12\/robert-200x150.jpg 200w\" sizes=\"auto, (max-width: 1024px) 100vw, 1024px\" \/><\/a><figcaption class=\"wp-caption-text\">ptr<\/figcaption><\/figure>\n","protected":false},"excerpt":{"rendered":"<p>La passada setmana va venir el Roberto Escribano per donar-nos una classe magistral sobre la did\u00e0ctica de les matem\u00e0tiques.<br \/>\n<a href=\"https:\/\/agora.xtec.cat\/cfasalvadordali\/wp-content\/uploads\/usu363\/2018\/12\/robert2.jpg\"><\/a><br \/>\nEl claustre de docents va gaudir molt de l&#8217;apassionant m\u00f3n de les matem\u00e0tiques divertides, i vam agafar un munt d&#8217;idees per portar-les a la pr\u00e0ctica amb&hellip;  <a href=\"https:\/\/agora.xtec.cat\/cfasalvadordali\/general\/biban-les-matematiques\/\" title=\"Read APRENENT AMB LES MATEM\u00c0TIQUES!\">Llegeix m\u00e9s\u00bb<\/a><\/p>\n","protected":false},"author":1,"featured_media":1014,"comment_status":"open","ping_status":"closed","sticky":false,"template":"","format":"standard","meta":{"_bbp_topic_count":0,"_bbp_reply_count":0,"_bbp_total_topic_count":0,"_bbp_total_reply_count":0,"_bbp_voice_count":0,"_bbp_anonymous_reply_count":0,"_bbp_topic_count_hidden":0,"_bbp_reply_count_hidden":0,"_bbp_forum_subforum_count":0,"footnotes":""},"categories":[96,1,29],"tags":[],"class_list":["post-1011","post","type-post","status-publish","format-standard","has-post-thumbnail","hentry","category-activitats-culturals","category-general","category-portada"],"post_mailing_queue_ids":[],"_links":{"self":[{"href":"https:\/\/agora.xtec.cat\/cfasalvadordali\/wp-json\/wp\/v2\/posts\/1011","targetHints":{"allow":["GET"]}}],"collection":[{"href":"https:\/\/agora.xtec.cat\/cfasalvadordali\/wp-json\/wp\/v2\/posts"}],"about":[{"href":"https:\/\/agora.xtec.cat\/cfasalvadordali\/wp-json\/wp\/v2\/types\/post"}],"author":[{"embeddable":true,"href":"https:\/\/agora.xtec.cat\/cfasalvadordali\/wp-json\/wp\/v2\/users\/1"}],"replies":[{"embeddable":true,"href":"https:\/\/agora.xtec.cat\/cfasalvadordali\/wp-json\/wp\/v2\/comments?post=1011"}],"version-history":[{"count":3,"href":"https:\/\/agora.xtec.cat\/cfasalvadordali\/wp-json\/wp\/v2\/posts\/1011\/revisions"}],"predecessor-version":[{"id":1032,"href":"https:\/\/agora.xtec.cat\/cfasalvadordali\/wp-json\/wp\/v2\/posts\/1011\/revisions\/1032"}],"wp:featuredmedia":[{"embeddable":true,"href":"https:\/\/agora.xtec.cat\/cfasalvadordali\/wp-json\/wp\/v2\/media\/1014"}],"wp:attachment":[{"href":"https:\/\/agora.xtec.cat\/cfasalvadordali\/wp-json\/wp\/v2\/media?parent=1011"}],"wp:term":[{"taxonomy":"category","embeddable":true,"href":"https:\/\/agora.xtec.cat\/cfasalvadordali\/wp-json\/wp\/v2\/categories?post=1011"},{"taxonomy":"post_tag","embeddable":true,"href":"https:\/\/agora.xtec.cat\/cfasalvadordali\/wp-json\/wp\/v2\/tags?post=1011"}],"curies":[{"name":"wp","href":"https:\/\/api.w.org\/{rel}","templated":true}]}}